{"id":1148,"date":"2020-02-27T21:50:47","date_gmt":"2020-02-28T00:50:47","guid":{"rendered":"https:\/\/innovacionygestion.net\/?p=1148"},"modified":"2020-02-27T21:50:47","modified_gmt":"2020-02-28T00:50:47","slug":"stelatto-recibio-a-dirigentes-de-la-camara-de-comercio-e-industria-de-posadas","status":"publish","type":"post","link":"https:\/\/innovacionygestion.net\/index.php\/2020\/02\/27\/stelatto-recibio-a-dirigentes-de-la-camara-de-comercio-e-industria-de-posadas\/","title":{"rendered":"Stelatto recibi\u00f3 a dirigentes de la C\u00e1mara de Comercio e Industria de Posadas"},"content":{"rendered":"<p dir=\"ltr\">En la ma\u00f1ana de este jueves, el intendente de Posadas Leonardo Stelatto recibi\u00f3 a dirigentes de la C\u00e1mara de Comercio e Industria (CCIP).<\/p>\n<p dir=\"ltr\">En una charla amena, se trataron diferentes alternativas para apuntalar y consolidar al comercio posade\u00f1o, en un momento complejo de la econom\u00eda nacional y en el que la capital provincial no es ajena.<\/p>\n<p dir=\"ltr\">Dentro de esas alternativas se habl\u00f3 puntualmente de los eventos organizados por la C\u00e1mara de Comercio, como el Black Friday y El Revent\u00f3n, los cuales cuentan con el acompa\u00f1amiento del Municipio y que tienen como premisa fomentar el consumo y atraer el turismo a la ciudad.<\/p>\n<p dir=\"ltr\">Adem\u00e1s, durante el encuentro tambi\u00e9n se habl\u00f3 sobre diferentes temas como ser la regulaci\u00f3n del comercio informal, la ayuda al emprendedor, la agilizaci\u00f3n de parte del municipio a la hora de los tr\u00e1mites de habilitaciones comerciales y la capacitaci\u00f3n para comerciantes por parte de la Municipalidad, entre otros.<\/p>\n<p dir=\"ltr\">La comitiva estuvo encabezada por el presidente de la instituci\u00f3n mercantil Carlos Mar\u00eda Beigbeder, acompa\u00f1ado por su vicepresidente Sergio Bresinski, Fernando Vely y Nicol\u00e1s Trevis\u00e1n quienes forman parte del Consejo Directivo. De parte del Ejecutivo Municipal tambi\u00e9n estuvo presente el secretario de Hacienda Sebasti\u00e1n Guastavino.<\/p>\n<p><b>Direcci\u00f3n de Prensa y Comunicaci\u00f3n Institucional<\/b><\/p>\n<div class=\"x_gmail_signature\" dir=\"ltr\">\n<div dir=\"ltr\">\n<div dir=\"ltr\">\n<div><b>Municipalidad de Posadas<\/b><\/div>\n<\/div>\n<\/div>\n<\/div>\n","protected":false},"excerpt":{"rendered":"<p>En la ma\u00f1ana de este jueves, el intendente de Posadas Leonardo Stelatto recibi\u00f3 a dirigentes<\/p>\n","protected":false},"author":2,"featured_media":1149,"comment_status":"open","ping_status":"open","sticky":false,"template":"","format":"standard","meta":{"footnotes":""},"categories":[2],"tags":[],"_links":{"self":[{"href":"https:\/\/innovacionygestion.net\/index.php\/wp-json\/wp\/v2\/posts\/1148"}],"collection":[{"href":"https:\/\/innovacionygestion.net\/index.php\/wp-json\/wp\/v2\/posts"}],"about":[{"href":"https:\/\/innovacionygestion.net\/index.php\/wp-json\/wp\/v2\/types\/post"}],"author":[{"embeddable":true,"href":"https:\/\/innovacionygestion.net\/index.php\/wp-json\/wp\/v2\/users\/2"}],"replies":[{"embeddable":true,"href":"https:\/\/innovacionygestion.net\/index.php\/wp-json\/wp\/v2\/comments?post=1148"}],"version-history":[{"count":1,"href":"https:\/\/innovacionygestion.net\/index.php\/wp-json\/wp\/v2\/posts\/1148\/revisions"}],"predecessor-version":[{"id":1150,"href":"https:\/\/innovacionygestion.net\/index.php\/wp-json\/wp\/v2\/posts\/1148\/revisions\/1150"}],"wp:featuredmedia":[{"embeddable":true,"href":"https:\/\/innovacionygestion.net\/index.php\/wp-json\/wp\/v2\/media\/1149"}],"wp:attachment":[{"href":"https:\/\/innovacionygestion.net\/index.php\/wp-json\/wp\/v2\/media?parent=1148"}],"wp:term":[{"taxonomy":"category","embeddable":true,"href":"https:\/\/innovacionygestion.net\/index.php\/wp-json\/wp\/v2\/categories?post=1148"},{"taxonomy":"post_tag","embeddable":true,"href":"https:\/\/innovacionygestion.net\/index.php\/wp-json\/wp\/v2\/tags?post=1148"}],"curies":[{"name":"wp","href":"https:\/\/api.w.org\/{rel}","templated":true}]}}