{"id":1245,"date":"2020-03-04T08:32:17","date_gmt":"2020-03-04T11:32:17","guid":{"rendered":"https:\/\/innovacionygestion.net\/?p=1245"},"modified":"2020-03-04T08:32:17","modified_gmt":"2020-03-04T11:32:17","slug":"abusar-del-alcohol-es-violencia","status":"publish","type":"post","link":"https:\/\/innovacionygestion.net\/index.php\/2020\/03\/04\/abusar-del-alcohol-es-violencia\/","title":{"rendered":"\u201cAbusar del alcohol es violencia\u201d"},"content":{"rendered":"<p class=\"x_MsoNormal\"><i>Lo asegur\u00f3 Corina Dousset, directora municipal de Prevenci\u00f3n de Adicciones. \u201cEl cuerpo no est\u00e1 preparado para intoxicaciones para drogas\u201d, agreg\u00f3. Este jueves se reunir\u00e1 la Red de Abordaje Integral de\u00a0 Prevenci\u00f3n de Adicciones en el Colegio Provincial N\u00b01 Mart\u00edn de Moussy.<\/i><\/p>\n<p class=\"x_MsoNormal\">El lunes 9 de marzo cientos de alumnos posade\u00f1os que ingresar\u00e1n al \u00faltimo a\u00f1o de la secundaria se juntar\u00e1n para festejar el ya popular UPD (\u00daltimo Primer D\u00eda de clases), una celebraci\u00f3n que no para de extenderse a\u00f1o tras a\u00f1o. Los adolescentes se re\u00fanen a bailar y a beber alcohol. Despu\u00e9s van todos juntos al aula.<\/p>\n<p class=\"x_MsoNormal\">Ante este posible panorama, la mgter Corina Dousset, directora municipal de Prevenci\u00f3n de Adicciones, reflexion\u00f3: \u201cpara realizar este tipo acciones, se necesita dinero, \u00bfqui\u00e9n da dinero a los hijos?; a su vez, se requiere un espacio: \u00bfqui\u00e9n ofrece el lugar?; y tambi\u00e9n de alguien que los reciba\u201d.\u00a0 En tal sentido, la especialista cuestion\u00f3 el papel que asumen los \u201c\u00b4adultos favorecedores\u00b4, que se creen que est\u00e1n a la altura de los adolescentes, les permiten todo y no marcan el rumbo que en realidad deber\u00edan tomar estos j\u00f3venes\u201d<\/p>\n<p class=\"x_MsoNormal\">La funcionaria municipal fue tajante: \u201cAbusar del alcohol es violencia. El cuerpo no est\u00e1 preparado para intoxicaciones para drogas.Es violencia la venta de bebidas alcoh\u00f3licas a menores, tambi\u00e9n es violento, quien ve lo ocurre y no hace nada\u201d.<\/p>\n<p class=\"x_MsoNormal\"><b>Red de Abordaje Integral de\u00a0 Prevenci\u00f3n de Adicciones\u00a0<\/b><\/p>\n<p class=\"x_MsoNormal\">Ma\u00f1ana jueves se reunir\u00e1 la Red de Abordaje Integral de\u00a0 Prevenci\u00f3n de Adicciones. Ser\u00e1 a partir de las 08:00, en el Colegio Provincial N\u00b01 Mart\u00edn de Moussy, ubicado sobre calles San Lorenzo y Catamarca.<\/p>\n<p class=\"x_MsoNormal\">M\u00e1s de 28 organizaciones conforman esta Red, ya sean gubernamentales, asociaciones civiles y religiosas. All\u00ed se realizar\u00e1n talleres de prevenci\u00f3n de adicciones para la elaboraci\u00f3n de un documento marco que integre todas las actuaciones en prevenci\u00f3n de adicciones a nivel local. \u201cTeniendo en cuenta que la drogadicci\u00f3n es una enfermedad bio- psico-social-espiritual\u201d, manifest\u00f3 Dousset.<\/p>\n<p class=\"x_MsoNormal\">\u201cEl objetivo de la Red es aunar criterios, detectar precozmente, acompa\u00f1ar el proceso de abandono de consumo, sostener a la familia, como tambi\u00e9n abordar desde una mirada m\u00e1s salut\u00f3gena la problem\u00e1tica de las adicciones y esto se hace, desde hace mucho tiempo pero no con intensidad y cohesi\u00f3n sectorial\u201d, explic\u00f3 la directora comunal.<\/p>\n<p class=\"x_MsoNormal\">\u201cLa Red lo que hace es tener una mirada hol\u00edstica sobre la problem\u00e1tica del consumo de sustancias y otro tipo de adicciones conductuales, por eso tambi\u00e9n participan\u00a0 el Iplyc, la Universidad Popular de Misiones, Bomberos Voluntarios y otros\u201d, manifest\u00f3 Dousset para concluir.<\/p>\n<p><img loading=\"lazy\" decoding=\"async\" class=\"alignnone size-medium wp-image-1247\" src=\"https:\/\/innovacionygestion.net\/wp-content\/uploads\/2020\/03\/41-RED-ADICCIONES-300x185.jpg\" alt=\"\" width=\"300\" height=\"185\" srcset=\"https:\/\/innovacionygestion.net\/wp-content\/uploads\/2020\/03\/41-RED-ADICCIONES-300x185.jpg 300w, https:\/\/innovacionygestion.net\/wp-content\/uploads\/2020\/03\/41-RED-ADICCIONES-768x474.jpg 768w, https:\/\/innovacionygestion.net\/wp-content\/uploads\/2020\/03\/41-RED-ADICCIONES-1024x632.jpg 1024w, https:\/\/innovacionygestion.net\/wp-content\/uploads\/2020\/03\/41-RED-ADICCIONES.jpg 1128w\" sizes=\"(max-width: 300px) 100vw, 300px\" \/><\/p>\n","protected":false},"excerpt":{"rendered":"<p>Lo asegur\u00f3 Corina Dousset, directora municipal de Prevenci\u00f3n de Adicciones. \u201cEl cuerpo no est\u00e1 preparado<\/p>\n","protected":false},"author":2,"featured_media":1246,"comment_status":"open","ping_status":"open","sticky":false,"template":"","format":"standard","meta":{"footnotes":""},"categories":[2],"tags":[],"_links":{"self":[{"href":"https:\/\/innovacionygestion.net\/index.php\/wp-json\/wp\/v2\/posts\/1245"}],"collection":[{"href":"https:\/\/innovacionygestion.net\/index.php\/wp-json\/wp\/v2\/posts"}],"about":[{"href":"https:\/\/innovacionygestion.net\/index.php\/wp-json\/wp\/v2\/types\/post"}],"author":[{"embeddable":true,"href":"https:\/\/innovacionygestion.net\/index.php\/wp-json\/wp\/v2\/users\/2"}],"replies":[{"embeddable":true,"href":"https:\/\/innovacionygestion.net\/index.php\/wp-json\/wp\/v2\/comments?post=1245"}],"version-history":[{"count":1,"href":"https:\/\/innovacionygestion.net\/index.php\/wp-json\/wp\/v2\/posts\/1245\/revisions"}],"predecessor-version":[{"id":1248,"href":"https:\/\/innovacionygestion.net\/index.php\/wp-json\/wp\/v2\/posts\/1245\/revisions\/1248"}],"wp:featuredmedia":[{"embeddable":true,"href":"https:\/\/innovacionygestion.net\/index.php\/wp-json\/wp\/v2\/media\/1246"}],"wp:attachment":[{"href":"https:\/\/innovacionygestion.net\/index.php\/wp-json\/wp\/v2\/media?parent=1245"}],"wp:term":[{"taxonomy":"category","embeddable":true,"href":"https:\/\/innovacionygestion.net\/index.php\/wp-json\/wp\/v2\/categories?post=1245"},{"taxonomy":"post_tag","embeddable":true,"href":"https:\/\/innovacionygestion.net\/index.php\/wp-json\/wp\/v2\/tags?post=1245"}],"curies":[{"name":"wp","href":"https:\/\/api.w.org\/{rel}","templated":true}]}}