{"id":1328,"date":"2020-03-09T07:49:45","date_gmt":"2020-03-09T10:49:45","guid":{"rendered":"https:\/\/innovacionygestion.net\/?p=1328"},"modified":"2020-03-09T07:51:30","modified_gmt":"2020-03-09T10:51:30","slug":"el-ministro-de-educacion-de-la-nacion-inaugura-el-ciclo-lectivo-en-misiones","status":"publish","type":"post","link":"https:\/\/innovacionygestion.net\/index.php\/2020\/03\/09\/el-ministro-de-educacion-de-la-nacion-inaugura-el-ciclo-lectivo-en-misiones\/","title":{"rendered":"El Ministro de Educaci\u00f3n de la Naci\u00f3n inaugura el ciclo lectivo en Misiones"},"content":{"rendered":"<div>El ministro de Educaci\u00f3n de la Naci\u00f3n, Nicol\u00e1s Trotta, estar\u00e1 hoy lunes 9 en la localidad de San Pedro, en \u00a0la Escuela Secundaria de Innovaci\u00f3n de Posadas, Misiones a las 18hs., inaugurando el ciclo lectivo 2020 junto con el gobernador de la provincia, Oscar Herrera Ahuad.<\/div>\n<div><\/div>\n<div>Asimismo, el titular de la cartera educativa se reunir\u00e1 con la rectora de la Universidad Nacional de Misiones, Mgter. Alicia Violeta Bohren.<\/div>\n<div><\/div>\n<div>Por la ma\u00f1ana, previo a la visita a Misiones, Trotta junto con el gobernador Jorge Capitanich inaugurar\u00e1n el \u00a0Anexo de la Escuela de Educaci\u00f3n Primaria 534 \u201cRancho Viejo\u201d La Leonesa de la provincia de Chaco.<\/div>\n","protected":false},"excerpt":{"rendered":"<p>El ministro de Educaci\u00f3n de la Naci\u00f3n, Nicol\u00e1s Trotta, estar\u00e1 hoy lunes 9 en la<\/p>\n","protected":false},"author":2,"featured_media":1329,"comment_status":"open","ping_status":"open","sticky":false,"template":"","format":"standard","meta":{"footnotes":""},"categories":[15],"tags":[],"_links":{"self":[{"href":"https:\/\/innovacionygestion.net\/index.php\/wp-json\/wp\/v2\/posts\/1328"}],"collection":[{"href":"https:\/\/innovacionygestion.net\/index.php\/wp-json\/wp\/v2\/posts"}],"about":[{"href":"https:\/\/innovacionygestion.net\/index.php\/wp-json\/wp\/v2\/types\/post"}],"author":[{"embeddable":true,"href":"https:\/\/innovacionygestion.net\/index.php\/wp-json\/wp\/v2\/users\/2"}],"replies":[{"embeddable":true,"href":"https:\/\/innovacionygestion.net\/index.php\/wp-json\/wp\/v2\/comments?post=1328"}],"version-history":[{"count":2,"href":"https:\/\/innovacionygestion.net\/index.php\/wp-json\/wp\/v2\/posts\/1328\/revisions"}],"predecessor-version":[{"id":1331,"href":"https:\/\/innovacionygestion.net\/index.php\/wp-json\/wp\/v2\/posts\/1328\/revisions\/1331"}],"wp:featuredmedia":[{"embeddable":true,"href":"https:\/\/innovacionygestion.net\/index.php\/wp-json\/wp\/v2\/media\/1329"}],"wp:attachment":[{"href":"https:\/\/innovacionygestion.net\/index.php\/wp-json\/wp\/v2\/media?parent=1328"}],"wp:term":[{"taxonomy":"category","embeddable":true,"href":"https:\/\/innovacionygestion.net\/index.php\/wp-json\/wp\/v2\/categories?post=1328"},{"taxonomy":"post_tag","embeddable":true,"href":"https:\/\/innovacionygestion.net\/index.php\/wp-json\/wp\/v2\/tags?post=1328"}],"curies":[{"name":"wp","href":"https:\/\/api.w.org\/{rel}","templated":true}]}}