{"id":1358,"date":"2020-03-10T23:37:51","date_gmt":"2020-03-11T02:37:51","guid":{"rendered":"https:\/\/innovacionygestion.net\/?p=1358"},"modified":"2020-03-10T23:37:51","modified_gmt":"2020-03-11T02:37:51","slug":"directivos-de-intel-y-amazon-destacaron-el-desarrollo-logrado-por-misiones-en-desarrollo-y-acceso-a-la-tecnologia","status":"publish","type":"post","link":"https:\/\/innovacionygestion.net\/index.php\/2020\/03\/10\/directivos-de-intel-y-amazon-destacaron-el-desarrollo-logrado-por-misiones-en-desarrollo-y-acceso-a-la-tecnologia\/","title":{"rendered":"Directivos de Intel y Amazon destacaron el desarrollo logrado por Misiones en desarrollo y acceso a la tecnolog\u00eda"},"content":{"rendered":"<p class=\"x_MsoNormal\"><span lang=\"ES-AR\">El presidente de Marandu Comunicaciones, junto a parte del equipo t\u00e9cnico de la empresa provincial, recibieron anoche la visita de directivos de Intel y Amazon Web Services (AWS), quienes destacaron el desarrollo logrado en Misiones tanto en conectividad como en acceso a la tecnolog\u00eda.<\/span><\/p>\n<p class=\"x_MsoNormal\"><span lang=\"ES-AR\">La visita se dio tras la inauguraci\u00f3n de la Secundaria de la Innovaci\u00f3n y la firma del convenio del cual participaron el gobernador de la Provincia, Dr. Oscar Herrera Ahuad, el presidente de la C\u00e1mara de Representantes, Ing. Carlos Eduardo Rovira, y los representantes de estas empresas multinacionales l\u00edderes en tecnolog\u00eda.<\/span><\/p>\n<p class=\"x_MsoNormal\"><span lang=\"ES-AR\">Previo al recorrido por el Data Center de Marandu Comunicaciones, mantuvieron una reuni\u00f3n por aproximadamente dos horas en la que analizaron las distintas l\u00edneas de acci\u00f3n para trabajar en conjunto a partir del mencionado convenio.<\/span><\/p>\n<p class=\"x_MsoNormal\"><span lang=\"ES-AR\">Del encuentro participaron junto a Marcelo Rodr\u00edguez, el diputado provincial y coordinador del Polo Tic Misiones, Lucas Romero Spinelli, la diputada nacional Flavia Morales, el responsable de relaciones con Argentina, Uruguay y Rep\u00fablica Dominicana de Intel, Hern\u00e1n Muhafara; la gerente Regional de Sector P\u00fablico para Cono Sur de AWS, Lorena Zicker; el gerente General de Intel Argentina, Adri\u00e1n De Grazia; Leandro Santi (Arquitecto de Soluciones en AWS para el Sector P\u00fablico en Argentina); Sergio Vera (Industry Technical Specialist de Intel), Laura \u00c1lvarez Modernel (responsable de Programas para el Sector P\u00fablico en el Cono Sur de AWS), entre otros.<\/span><\/p>\n<p class=\"x_MsoNormal\"><span lang=\"ES-AR\">Se abordaron distintas tem\u00e1ticas en las que se avanzar\u00e1n progresivamente, y que abarcar\u00e1n tanto mayores servicios y desarrollos para el sector p\u00fablico como privado, con el objetivo de fortalecer a Misiones como polo regional de desarrollo tecnol\u00f3gico.<\/span><\/p>\n<p class=\"x_MsoNormal\"><span lang=\"ES-AR\">Durante la reuni\u00f3n los directivos de Intel y Amazon recalcaron los avances que realiz\u00f3 la provincia, se mostraron sorprendidos por el trabajo logrado por Marandu Comunicaciones en conectividad en los \u00faltimos a\u00f1os, y destacaron las iniciativas impulsadas de manera articulada entre la C\u00e1mara de Representantes y el Gobierno Provincial de educaci\u00f3n en tecnolog\u00eda como la Secundaria de la Innovaci\u00f3n, enfatizando en su car\u00e1cter p\u00fablico y gratuito, poniendo a Misiones como un verdadero referente para toda la regi\u00f3n.<\/span><\/p>\n<p><img loading=\"lazy\" decoding=\"async\" class=\"alignnone size-medium wp-image-1360\" src=\"https:\/\/innovacionygestion.net\/wp-content\/uploads\/2020\/03\/Intel-Amazon-y-Marandu-2-300x225.jpeg\" alt=\"\" width=\"300\" height=\"225\" srcset=\"https:\/\/innovacionygestion.net\/wp-content\/uploads\/2020\/03\/Intel-Amazon-y-Marandu-2-300x225.jpeg 300w, https:\/\/innovacionygestion.net\/wp-content\/uploads\/2020\/03\/Intel-Amazon-y-Marandu-2-768x576.jpeg 768w, https:\/\/innovacionygestion.net\/wp-content\/uploads\/2020\/03\/Intel-Amazon-y-Marandu-2-1024x768.jpeg 1024w, https:\/\/innovacionygestion.net\/wp-content\/uploads\/2020\/03\/Intel-Amazon-y-Marandu-2.jpeg 1280w\" sizes=\"(max-width: 300px) 100vw, 300px\" \/><img loading=\"lazy\" decoding=\"async\" class=\"alignnone size-medium wp-image-1361\" src=\"https:\/\/innovacionygestion.net\/wp-content\/uploads\/2020\/03\/Intel-Amazon-y-Marandu-3-300x225.jpeg\" alt=\"\" width=\"300\" height=\"225\" srcset=\"https:\/\/innovacionygestion.net\/wp-content\/uploads\/2020\/03\/Intel-Amazon-y-Marandu-3-300x225.jpeg 300w, https:\/\/innovacionygestion.net\/wp-content\/uploads\/2020\/03\/Intel-Amazon-y-Marandu-3-768x576.jpeg 768w, https:\/\/innovacionygestion.net\/wp-content\/uploads\/2020\/03\/Intel-Amazon-y-Marandu-3-1024x768.jpeg 1024w, https:\/\/innovacionygestion.net\/wp-content\/uploads\/2020\/03\/Intel-Amazon-y-Marandu-3.jpeg 1280w\" sizes=\"(max-width: 300px) 100vw, 300px\" \/><\/p>\n","protected":false},"excerpt":{"rendered":"<p>El presidente de Marandu Comunicaciones, junto a parte del equipo t\u00e9cnico de la empresa provincial,<\/p>\n","protected":false},"author":2,"featured_media":1359,"comment_status":"open","ping_status":"open","sticky":false,"template":"","format":"standard","meta":{"footnotes":""},"categories":[5],"tags":[],"_links":{"self":[{"href":"https:\/\/innovacionygestion.net\/index.php\/wp-json\/wp\/v2\/posts\/1358"}],"collection":[{"href":"https:\/\/innovacionygestion.net\/index.php\/wp-json\/wp\/v2\/posts"}],"about":[{"href":"https:\/\/innovacionygestion.net\/index.php\/wp-json\/wp\/v2\/types\/post"}],"author":[{"embeddable":true,"href":"https:\/\/innovacionygestion.net\/index.php\/wp-json\/wp\/v2\/users\/2"}],"replies":[{"embeddable":true,"href":"https:\/\/innovacionygestion.net\/index.php\/wp-json\/wp\/v2\/comments?post=1358"}],"version-history":[{"count":1,"href":"https:\/\/innovacionygestion.net\/index.php\/wp-json\/wp\/v2\/posts\/1358\/revisions"}],"predecessor-version":[{"id":1362,"href":"https:\/\/innovacionygestion.net\/index.php\/wp-json\/wp\/v2\/posts\/1358\/revisions\/1362"}],"wp:featuredmedia":[{"embeddable":true,"href":"https:\/\/innovacionygestion.net\/index.php\/wp-json\/wp\/v2\/media\/1359"}],"wp:attachment":[{"href":"https:\/\/innovacionygestion.net\/index.php\/wp-json\/wp\/v2\/media?parent=1358"}],"wp:term":[{"taxonomy":"category","embeddable":true,"href":"https:\/\/innovacionygestion.net\/index.php\/wp-json\/wp\/v2\/categories?post=1358"},{"taxonomy":"post_tag","embeddable":true,"href":"https:\/\/innovacionygestion.net\/index.php\/wp-json\/wp\/v2\/tags?post=1358"}],"curies":[{"name":"wp","href":"https:\/\/api.w.org\/{rel}","templated":true}]}}