{"id":1385,"date":"2020-03-12T22:40:41","date_gmt":"2020-03-13T01:40:41","guid":{"rendered":"https:\/\/innovacionygestion.net\/?p=1385"},"modified":"2020-03-12T22:40:41","modified_gmt":"2020-03-13T01:40:41","slug":"misiones-suspende-las-clases-en-todos-los-niveles-educativos","status":"publish","type":"post","link":"https:\/\/innovacionygestion.net\/index.php\/2020\/03\/12\/misiones-suspende-las-clases-en-todos-los-niveles-educativos\/","title":{"rendered":"Misiones suspende las clases en todos los niveles educativos"},"content":{"rendered":"<div class=\"css-1dbjc4n\">\n<div id=\"tweet-text\" class=\"css-901oao r-hkyrab r-1qd0xha r-a023e6 r-16dba41 r-ad9z0x r-bcqeeo r-bnwqim r-qvutc0\" dir=\"auto\" lang=\"es\"><em><strong>Lo anunci\u00f3 el gobernador, Oscar Herrera Ahuad, en Twitter. La medida empezar\u00e1 a regir desde este viernes y alcanza a colegios p\u00fablicos y privados.<\/strong><\/em><\/div>\n<div dir=\"auto\" lang=\"es\">\n<p>En el marco de la emergencia epidemiol\u00f3gica y sanitaria, el gobernador de Misiones, Oscar Herera Ahuad, anunci\u00f3 la suspensi\u00f3n de las clases en todos los niveles educativos de la provincia, desde este viernes 14 de marzo y por el lapso de 15 d\u00eda. La medida, que alcanza tanto a colegios p\u00fablicos como privados, busca prevenir la propagaci\u00f3n del coronavirus, ya que a\u00fan no se han detectado casos positivos en Misiones.<\/p>\n<p>El mandatario provincial dio a conocer la noticia en su cuenta de Twitter:\u00a0<em>\u00abEn sentido con las medidas tomadas de protecci\u00f3n y cuidado de la salud de nuestra poblaci\u00f3n y teniendo en cuenta la Emergencia Sanitaria se suspenden las clases en todos los niveles educativos de Misiones a partir del dia 13\/03\/20 por el t\u00e9rmino de 15 d\u00edas\u00bb<\/em>, tuite\u00f3\u00a0<strong>Ahuad.<\/strong><\/p>\n<\/div>\n<\/div>\n<div class=\"css-1dbjc4n\">\n<div id=\"tweet-rich-content-label\" class=\"css-1dbjc4n r-156q2ks\" aria-labelledby=\"quote-tweet-label\">\n<div class=\"css-1dbjc4n r-1udh08x\">\n<div class=\"css-1dbjc4n r-9x6qib r-t23y2h r-1phboty r-rs99b7 r-1udh08x\">\n<div class=\"css-1dbjc4n\">\n<div class=\"css-1dbjc4n r-1adg3ll r-1udh08x\">\n<div class=\"r-1adg3ll r-13qz1uu\"><\/div>\n<div class=\"r-1p0dtai r-1pi2tsx r-1d2f490 r-u8s1d r-ipm5af r-13qz1uu\">\n<div class=\"css-1dbjc4n r-1p0dtai r-1mlwlqe r-1d2f490 r-11wrixw r-61z16t r-1udh08x r-u8s1d r-zchlnj r-ipm5af r-417010\" aria-label=\"Image\"><\/div>\n<\/div>\n<\/div>\n<\/div>\n<\/div>\n<\/div>\n<\/div>\n<\/div>\n","protected":false},"excerpt":{"rendered":"<p>Lo anunci\u00f3 el gobernador, Oscar Herrera Ahuad, en Twitter. La medida empezar\u00e1 a regir desde<\/p>\n","protected":false},"author":2,"featured_media":1387,"comment_status":"open","ping_status":"open","sticky":false,"template":"","format":"standard","meta":{"footnotes":""},"categories":[15,13],"tags":[],"_links":{"self":[{"href":"https:\/\/innovacionygestion.net\/index.php\/wp-json\/wp\/v2\/posts\/1385"}],"collection":[{"href":"https:\/\/innovacionygestion.net\/index.php\/wp-json\/wp\/v2\/posts"}],"about":[{"href":"https:\/\/innovacionygestion.net\/index.php\/wp-json\/wp\/v2\/types\/post"}],"author":[{"embeddable":true,"href":"https:\/\/innovacionygestion.net\/index.php\/wp-json\/wp\/v2\/users\/2"}],"replies":[{"embeddable":true,"href":"https:\/\/innovacionygestion.net\/index.php\/wp-json\/wp\/v2\/comments?post=1385"}],"version-history":[{"count":1,"href":"https:\/\/innovacionygestion.net\/index.php\/wp-json\/wp\/v2\/posts\/1385\/revisions"}],"predecessor-version":[{"id":1388,"href":"https:\/\/innovacionygestion.net\/index.php\/wp-json\/wp\/v2\/posts\/1385\/revisions\/1388"}],"wp:featuredmedia":[{"embeddable":true,"href":"https:\/\/innovacionygestion.net\/index.php\/wp-json\/wp\/v2\/media\/1387"}],"wp:attachment":[{"href":"https:\/\/innovacionygestion.net\/index.php\/wp-json\/wp\/v2\/media?parent=1385"}],"wp:term":[{"taxonomy":"category","embeddable":true,"href":"https:\/\/innovacionygestion.net\/index.php\/wp-json\/wp\/v2\/categories?post=1385"},{"taxonomy":"post_tag","embeddable":true,"href":"https:\/\/innovacionygestion.net\/index.php\/wp-json\/wp\/v2\/tags?post=1385"}],"curies":[{"name":"wp","href":"https:\/\/api.w.org\/{rel}","templated":true}]}}