{"id":1397,"date":"2020-03-14T10:24:28","date_gmt":"2020-03-14T13:24:28","guid":{"rendered":"https:\/\/innovacionygestion.net\/?p=1397"},"modified":"2020-03-14T10:24:28","modified_gmt":"2020-03-14T13:24:28","slug":"el-alcohol-del-ingenio-ya-esta-en-el-laboratorio-lemis-de-posadas-la-distribucion-hara-salud-publica","status":"publish","type":"post","link":"https:\/\/innovacionygestion.net\/index.php\/2020\/03\/14\/el-alcohol-del-ingenio-ya-esta-en-el-laboratorio-lemis-de-posadas-la-distribucion-hara-salud-publica\/","title":{"rendered":"El Alcohol del Ingenio ya est\u00e1 en el Laboratorio Lemis de Posadas. La distribuci\u00f3n har\u00e1 Salud P\u00fablica"},"content":{"rendered":"<p class=\"x_MsoNormal\">El cargamento de alcohol disponible del Ingenio de San Javier ya se entreg\u00f3 al Laboratorio de Especialidades Medicinales (Lemis) de Posadas para su fraccionamiento, producci\u00f3n en gel, y posterior distribuci\u00f3n por las autoridades de Salud P\u00fablica.<\/p>\n<p class=\"x_MsoNormal\">Esta decisi\u00f3n se adopt\u00f3 en el marco de la Emergencia Epidemiol\u00f3gica y Sanitaria decretada por el Gobernador, Oscar Herrera Ahuad.<\/p>\n<p class=\"x_MsoNormal\">De esta manera se avanz\u00f3 en lo dispuesto por el Presidente del IFAI, Marcelo Rodr\u00edguez en poner &#8220;la producci\u00f3n de alcohol disponible en el Ingenio al servicio de la salud de los misioneros\u201d<\/p>\n","protected":false},"excerpt":{"rendered":"<p>El cargamento de alcohol disponible del Ingenio de San Javier ya se entreg\u00f3 al Laboratorio<\/p>\n","protected":false},"author":2,"featured_media":1398,"comment_status":"open","ping_status":"open","sticky":false,"template":"","format":"standard","meta":{"footnotes":""},"categories":[13],"tags":[],"_links":{"self":[{"href":"https:\/\/innovacionygestion.net\/index.php\/wp-json\/wp\/v2\/posts\/1397"}],"collection":[{"href":"https:\/\/innovacionygestion.net\/index.php\/wp-json\/wp\/v2\/posts"}],"about":[{"href":"https:\/\/innovacionygestion.net\/index.php\/wp-json\/wp\/v2\/types\/post"}],"author":[{"embeddable":true,"href":"https:\/\/innovacionygestion.net\/index.php\/wp-json\/wp\/v2\/users\/2"}],"replies":[{"embeddable":true,"href":"https:\/\/innovacionygestion.net\/index.php\/wp-json\/wp\/v2\/comments?post=1397"}],"version-history":[{"count":1,"href":"https:\/\/innovacionygestion.net\/index.php\/wp-json\/wp\/v2\/posts\/1397\/revisions"}],"predecessor-version":[{"id":1399,"href":"https:\/\/innovacionygestion.net\/index.php\/wp-json\/wp\/v2\/posts\/1397\/revisions\/1399"}],"wp:featuredmedia":[{"embeddable":true,"href":"https:\/\/innovacionygestion.net\/index.php\/wp-json\/wp\/v2\/media\/1398"}],"wp:attachment":[{"href":"https:\/\/innovacionygestion.net\/index.php\/wp-json\/wp\/v2\/media?parent=1397"}],"wp:term":[{"taxonomy":"category","embeddable":true,"href":"https:\/\/innovacionygestion.net\/index.php\/wp-json\/wp\/v2\/categories?post=1397"},{"taxonomy":"post_tag","embeddable":true,"href":"https:\/\/innovacionygestion.net\/index.php\/wp-json\/wp\/v2\/tags?post=1397"}],"curies":[{"name":"wp","href":"https:\/\/api.w.org\/{rel}","templated":true}]}}