{"id":1461,"date":"2020-03-19T09:42:06","date_gmt":"2020-03-19T12:42:06","guid":{"rendered":"https:\/\/innovacionygestion.net\/?p=1461"},"modified":"2020-03-19T09:42:06","modified_gmt":"2020-03-19T12:42:06","slug":"ferias-francas-el-movimiento-comercial-cayo-20-durante-el-fin-de-semana","status":"publish","type":"post","link":"https:\/\/innovacionygestion.net\/index.php\/2020\/03\/19\/ferias-francas-el-movimiento-comercial-cayo-20-durante-el-fin-de-semana\/","title":{"rendered":"Ferias Francas: \u201cEl movimiento comercial cay\u00f3 20%, durante el fin de semana\u201d"},"content":{"rendered":"<p>El dengue y \u00a0coronavirus est\u00e1n teniendo efectos muy importantes sobre las personas y tambi\u00e9n sobre la econom\u00eda local. Tras declararse el alerta sanitario y epidemiol\u00f3gico, las autoridades municipales en conjunto con el ministerio de Agricultura Familiar, han adoptado una bater\u00eda de medidas para tratar de prevenir la expansi\u00f3n estas enfermedades.<br \/>\n\u201cSe hizo un trabajo intenso\u201d, dijo Ram\u00f3n Mont\u00f3rfano, director municipal de Ferias Francas. Sin embargo, \u201chubo una merma del \u00a020% en las ferias durante el fin de semana\u201d, ya que menos productores llegaron a Posadas para comercializar sus cosechas, y a su vez, menos consumidores se acercaron a los mercados de la econom\u00eda familiar.<br \/>\n\u201cEl s\u00e1bado en la sede de Villa Cabello, se solicit\u00f3 a los colonos que no carguen sus mesas, para poder ampliar la distancia entre un puesto con otro\u201d, detall\u00f3 el funcionario municipal para luego resaltar que \u201ctampoco hubo amontonamiento de personas, ya que por medio de un meg\u00e1fono, un vocero guiaba constantemente\u201d.<br \/>\nEn todo momento se insist\u00eda a los consumidores que no se detuvieran en los pasillos, que compraran lo \u00a0necesario y que se retiraran del predio. \u201cFue bueno el acatamiento de las nuevas medidas\u201d, consider\u00f3 Mont\u00f3rfano.<br \/>\n<b>Cambios<\/b><br \/>\n* Se estableci\u00f3 \u00a0un metro de distancia entre cada puesto, estableci\u00e9ndose un sentido \u00fanico de circulaci\u00f3n para el p\u00fablico asistente.<br \/>\n* A trav\u00e9s de un vocero, se realiza las indicaciones a los consumidores.<br \/>\n* Usar constantemente alcohol en gel, tantos los productores como los compradores.<br \/>\n<b>Horarios y lugares<\/b><br \/>\n* Villa Cabello: s\u00e1bados de 06:00 a 13:00 en el tinglado pr\u00f3ximo al Centro de Integraci\u00f3n Territorial.<br \/>\n* Itaemb\u00e9 Min\u00ed: mi\u00e9rcoles de 16:00 a 21:00 y s\u00e1bados de 06:00 a 13:00, en el tinglado sobre la avenida 147.<br \/>\n* Villa Sarita: s\u00e1bados de 06:00 a 13:00, en la cancha de Guaran\u00ed.<br \/>\n* Barrio Los \u00c1lamos: s\u00e1bados de 06:00 a 13:00 en calle 154.<br \/>\n* Club Racing: domingos de 06:00 a 13:00, en calle Entre R\u00edos y avenida Roque S\u00e1enz Pe\u00f1a.<br \/>\n* Santa Rita: mi\u00e9rcoles y domingos de 06:00 a 13:00, en avenidas Chacabuco y Monse\u00f1or D\u00b4Andrea.<br \/>\n* Chacra 32-33: domingos de 06:00 a 13:00, en el tinglado sobre las avenidas Francisco de Haro y Bustamante.<br \/>\n* Villa Urquiza: viernes de 18:00 a 23:00 y s\u00e1bados de 06:00 a 13:00, en avenida Cabred y calle Herrera.<br \/>\n* Miguel Lan\u00fas: s\u00e1bados de 06:00 a 13:00, en el tinglado ubicado sobre avenida Juan Domingo Per\u00f3n.<br \/>\n* Barrio N\u00e9stor Kirchner: s\u00e1bados de 06:00 a 13:00, en avenida Cocomarola y calle 186.<br \/>\n* Partido Justicialista: domingos de 06:00 a 13:30, en avenida L\u00f3pez y Planes 2964.<br \/>\n* Itaemb\u00e9 Guaz\u00fa: s\u00e1bados de 06:00 a 13:00, frente a la Iglesia.<br \/>\n* Barrio Kennedy: s\u00e1bados de 08: a 13:00, en la plaza del barrio.<br \/>\n* Barrio Independencia: s\u00e1bados de 07:00 a 13:00, en calle Castro Barros 7260.<br \/>\n* Barrio Libertador: domingos de 06:00 a 13:00, en la plaza central.<\/p>\n<p><img loading=\"lazy\" decoding=\"async\" class=\"alignnone size-medium wp-image-1463\" src=\"https:\/\/innovacionygestion.net\/wp-content\/uploads\/2020\/03\/12-FERIAS-FRANCAS-3-300x225.jpg\" alt=\"\" width=\"300\" height=\"225\" srcset=\"https:\/\/innovacionygestion.net\/wp-content\/uploads\/2020\/03\/12-FERIAS-FRANCAS-3-300x225.jpg 300w, https:\/\/innovacionygestion.net\/wp-content\/uploads\/2020\/03\/12-FERIAS-FRANCAS-3-768x577.jpg 768w, https:\/\/innovacionygestion.net\/wp-content\/uploads\/2020\/03\/12-FERIAS-FRANCAS-3-1024x769.jpg 1024w, https:\/\/innovacionygestion.net\/wp-content\/uploads\/2020\/03\/12-FERIAS-FRANCAS-3.jpg 1600w\" sizes=\"(max-width: 300px) 100vw, 300px\" \/><\/p>\n<p><b>Direcci\u00f3n de Prensa y Comunicaci\u00f3n Institucional<\/b><\/p>\n<div class=\"x_gmail_signature\" dir=\"ltr\">\n<div dir=\"ltr\">\n<div dir=\"ltr\">\n<div><b>Municipalidad de Posadas<\/b><\/div>\n<\/div>\n<\/div>\n<\/div>\n","protected":false},"excerpt":{"rendered":"<p>El dengue y \u00a0coronavirus est\u00e1n teniendo efectos muy importantes sobre las personas y tambi\u00e9n sobre<\/p>\n","protected":false},"author":2,"featured_media":1462,"comment_status":"open","ping_status":"open","sticky":false,"template":"","format":"standard","meta":{"footnotes":""},"categories":[2],"tags":[],"_links":{"self":[{"href":"https:\/\/innovacionygestion.net\/index.php\/wp-json\/wp\/v2\/posts\/1461"}],"collection":[{"href":"https:\/\/innovacionygestion.net\/index.php\/wp-json\/wp\/v2\/posts"}],"about":[{"href":"https:\/\/innovacionygestion.net\/index.php\/wp-json\/wp\/v2\/types\/post"}],"author":[{"embeddable":true,"href":"https:\/\/innovacionygestion.net\/index.php\/wp-json\/wp\/v2\/users\/2"}],"replies":[{"embeddable":true,"href":"https:\/\/innovacionygestion.net\/index.php\/wp-json\/wp\/v2\/comments?post=1461"}],"version-history":[{"count":1,"href":"https:\/\/innovacionygestion.net\/index.php\/wp-json\/wp\/v2\/posts\/1461\/revisions"}],"predecessor-version":[{"id":1464,"href":"https:\/\/innovacionygestion.net\/index.php\/wp-json\/wp\/v2\/posts\/1461\/revisions\/1464"}],"wp:featuredmedia":[{"embeddable":true,"href":"https:\/\/innovacionygestion.net\/index.php\/wp-json\/wp\/v2\/media\/1462"}],"wp:attachment":[{"href":"https:\/\/innovacionygestion.net\/index.php\/wp-json\/wp\/v2\/media?parent=1461"}],"wp:term":[{"taxonomy":"category","embeddable":true,"href":"https:\/\/innovacionygestion.net\/index.php\/wp-json\/wp\/v2\/categories?post=1461"},{"taxonomy":"post_tag","embeddable":true,"href":"https:\/\/innovacionygestion.net\/index.php\/wp-json\/wp\/v2\/tags?post=1461"}],"curies":[{"name":"wp","href":"https:\/\/api.w.org\/{rel}","templated":true}]}}