{"id":1519,"date":"2020-03-23T14:21:53","date_gmt":"2020-03-23T17:21:53","guid":{"rendered":"https:\/\/innovacionygestion.net\/?p=1519"},"modified":"2020-03-23T14:21:53","modified_gmt":"2020-03-23T17:21:53","slug":"comunicado-camara-de-molineros-de-yerba-mate-respecto-de-acuerdo-de-precios-materia-prima","status":"publish","type":"post","link":"https:\/\/innovacionygestion.net\/index.php\/2020\/03\/23\/comunicado-camara-de-molineros-de-yerba-mate-respecto-de-acuerdo-de-precios-materia-prima\/","title":{"rendered":"Comunicado C\u00e1mara de Molineros de Yerba Mate respecto de acuerdo de precios materia prima"},"content":{"rendered":"<p>La C\u00e1mara de Molineros de Yerba Mate de la Zona Productora (CMYMZP) expresa respecto de la fijaci\u00f3n de nuevos valores para la materia prima para el periodo abril-septiembre 2020 resuelto el \u00faltimo 17 de marzo \u00faltimo por el Directorio del Instituto Nacional de la Yerba Mate (INYM):<\/p>\n<p>-La industria hizo un esfuerzo adicional para ofrecer valores superiores a los contemplados en la desagregaci\u00f3n de los precios de g\u00f3ndolas de las principales marcas y en la matriz de costos del organismo nacional, tal como lo establece la legislaci\u00f3n vigente.<\/p>\n<p>-En esta oportunidad el incremento semestral ofrecido fue del orden del 31% para la hoja verde respecto del semestre octubre 2019-marzo-2020, que inclusive alcanzaba el 73% si se considera el per\u00edodo marzo 2019 ($11,55) &#8211; marzo 2020 ($20), tal como se traduce en el siguiente cuadro:<\/p>\n<p>&#8211; Como podr\u00e1 apreciarse, lo ofrecido fue muy superior al aumento de costos y a la inflaci\u00f3n del per\u00edodo, una propuesta que consideramos casi irracional en pos de un acuerdo local y beneficioso para la actividad.<\/p>\n<p>-No se puede omitir que la buena voluntad manifestada en cada negociaci\u00f3n por la industria se transforma luego en un problema serio para el sector al tener este que responder a la necesidad de contener la inflaci\u00f3n, una constante en el escenario nacional.<\/p>\n<p>Esta l\u00f3gica fundamentada, implica en lo inmediato la necesidad de establecer valores l\u00f3gicos con el fin de sostener el compromiso asumido por la industria yerbatera con el presidente Alberto Fern\u00e1ndez, quien solicit\u00f3 a los proveedores de Precios Cuidados evitar aumentos de los productos de la canasta b\u00e1sica.<\/p>\n<p>-Las obligaciones recaen en la industria desde el preciso momento en que se acuerdan los precios, sin embargo el ajuste siempre otorgado de manera escalonada, menor al necesario y extempor\u00e1neo se demora en llegar al producto terminado confluyendo en un agobiante endeudamiento del sector f\u00e1cil de verificar, al que se suman el aporte en Precios Cuidados y en lo inmediato la dificultad de llevar los productos a los centros de consumo debido a las restricciones de circulaci\u00f3n dispuestas para frenar el avance de la pandemia de coronavirus.<\/p>\n<p>Adem\u00e1s de pregonar por el esfuerzo compartido, esta c\u00e1mara sostiene que deben respetarse las normas y mecanismos vigentes: ajuste por costos o por precios de venta INYM.<\/p>\n<p>Al no advertirse valorado el esfuerzo que realiza el sector, ser\u00e1 esta la pol\u00edtica de la industria, renunciando a luchas sectoriales o pr\u00e1cticas de privilegio contrarias a la raz\u00f3n de ser del INYM.<\/p>\n<p>Prensa C\u00e1mara de Molineros Yerba Mate\u00a0&lt;prensamolinerosyerbamate@gmail.com&gt;<\/p>\n","protected":false},"excerpt":{"rendered":"<p>La C\u00e1mara de Molineros de Yerba Mate de la Zona Productora (CMYMZP) expresa respecto de<\/p>\n","protected":false},"author":2,"featured_media":1520,"comment_status":"open","ping_status":"open","sticky":false,"template":"","format":"standard","meta":{"footnotes":""},"categories":[2],"tags":[],"_links":{"self":[{"href":"https:\/\/innovacionygestion.net\/index.php\/wp-json\/wp\/v2\/posts\/1519"}],"collection":[{"href":"https:\/\/innovacionygestion.net\/index.php\/wp-json\/wp\/v2\/posts"}],"about":[{"href":"https:\/\/innovacionygestion.net\/index.php\/wp-json\/wp\/v2\/types\/post"}],"author":[{"embeddable":true,"href":"https:\/\/innovacionygestion.net\/index.php\/wp-json\/wp\/v2\/users\/2"}],"replies":[{"embeddable":true,"href":"https:\/\/innovacionygestion.net\/index.php\/wp-json\/wp\/v2\/comments?post=1519"}],"version-history":[{"count":1,"href":"https:\/\/innovacionygestion.net\/index.php\/wp-json\/wp\/v2\/posts\/1519\/revisions"}],"predecessor-version":[{"id":1521,"href":"https:\/\/innovacionygestion.net\/index.php\/wp-json\/wp\/v2\/posts\/1519\/revisions\/1521"}],"wp:featuredmedia":[{"embeddable":true,"href":"https:\/\/innovacionygestion.net\/index.php\/wp-json\/wp\/v2\/media\/1520"}],"wp:attachment":[{"href":"https:\/\/innovacionygestion.net\/index.php\/wp-json\/wp\/v2\/media?parent=1519"}],"wp:term":[{"taxonomy":"category","embeddable":true,"href":"https:\/\/innovacionygestion.net\/index.php\/wp-json\/wp\/v2\/categories?post=1519"},{"taxonomy":"post_tag","embeddable":true,"href":"https:\/\/innovacionygestion.net\/index.php\/wp-json\/wp\/v2\/tags?post=1519"}],"curies":[{"name":"wp","href":"https:\/\/api.w.org\/{rel}","templated":true}]}}