{"id":1542,"date":"2020-03-24T14:11:42","date_gmt":"2020-03-24T17:11:42","guid":{"rendered":"https:\/\/innovacionygestion.net\/?p=1542"},"modified":"2020-03-24T14:11:42","modified_gmt":"2020-03-24T17:11:42","slug":"coronavirus-y-concientizacion-los-padres-van-al-supermercado-con-los-ninos-en-brazos","status":"publish","type":"post","link":"https:\/\/innovacionygestion.net\/index.php\/2020\/03\/24\/coronavirus-y-concientizacion-los-padres-van-al-supermercado-con-los-ninos-en-brazos\/","title":{"rendered":"Coronavirus y concientizaci\u00f3n: \u201cLos padres van al supermercado con los ni\u00f1os en brazos\u201d"},"content":{"rendered":"<p class=\"x_MsoNormal\"><sup><span lang=\"ES-AR\">La r\u00e1pida expansi\u00f3n del coronavirus y su f\u00e1cil contagio oblig\u00f3 al aislamiento obligatorio. Sin embargo, hay algunas personas que a\u00fan se muestran esquivas a quedarse en sus casas y tomar los recaudos necesarios.<br \/>\n<\/span><\/sup><sup><span lang=\"ES-AR\">\u201cTodav\u00eda se ven a los padres que van al supermercado con los ni\u00f1os en brazos\u201d, asegur\u00f3 la dra Lha Alegre, secretaria de Salud, Medio Ambiente y Desarrollo Humano de la Municipalidad de Posadas.\u00a0 Al tiempo que resalt\u00f3 que atenuar los contagios de esta pandemia, \u201cdepende de toda la comunidad\u201d. Por eso, se apela a una profunda responsabilidad social: \u201cporque est\u00e1 en riesgo la salud de todos\u201d.<\/span><\/sup><\/p>\n<p class=\"x_MsoNormal\"><sup><span lang=\"ES-AR\">\u00a0<\/span><\/sup><sup><span lang=\"ES-AR\">En ese contexto remarco que es importante que \u201csolo una persona por familia se encargue de las compras, ya que, al s\u00ed va m\u00e1s de uno se quintuplica el riesgo de contagio. Tambi\u00e9n es prudente al llegar a nuestras casas descalzarnos antes de entrar y lavarnos las manos. Damos pautas claras y sencillas, as\u00ed como nos indic\u00f3 el Sr. Intendente de la ciudad Lalo Stelatto\u201d, dijo en declaraciones radiales.<\/span><\/sup><\/p>\n<p class=\"x_MsoNormal\"><sup><span lang=\"ES-AR\">\u00a0<\/span><\/sup><sup><span lang=\"ES-AR\">Ante la presencia del COVID-19, record\u00f3 que se recomienda adem\u00e1s de permanecer en la casa, el distanciamiento social, evitar los contactos al saludar y no concurrir a lugares donde se re\u00fana mucha gente; los ni\u00f1os no deben salir del hogar; trabajar desde la casa en los casos que se pueda.<\/span><\/sup><\/p>\n<p class=\"x_MsoNormal\"><sup><span lang=\"ES-AR\">\u00a0<\/span><\/sup><b><sup><span lang=\"ES-AR\">Dengue<\/span><\/sup><\/b><\/p>\n<p class=\"x_MsoNormal\"><sup><span lang=\"ES-AR\">\u00a0<\/span><\/sup><sup><span lang=\"ES-AR\">La otra batalla que se lleva adelante desde el municipio es la erradicaci\u00f3n del mosquito Aedes aegypti, que transmite enfermedades vectoriales.<\/span><\/sup><\/p>\n<p class=\"x_MsoNormal\"><sup><span lang=\"ES-AR\">\u00a0<\/span><\/sup><sup><span lang=\"ES-AR\">Los huevos de este insecto son depositados en aguas estancadas y pueden sobrevivir hasta un a\u00f1o en condiciones de sequ\u00eda, gracias a una pel\u00edcula protectora que los envuelve. \u201cEsta \u00faltima tambi\u00e9n, protege de los insecticidas utilizados en el control vectorial, como tambi\u00e9n de productos como el hipoclorito de sodio (lavandina)\u201d, explic\u00f3 la doctora. Y aclar\u00f3 que durante esta primera fase del ciclo vida, las larvas pueden esperar hasta las primeras lluvias del verano siguiente para eclosionar y convertirse en larvas, denominado periodo de latencia.<\/span><\/sup><\/p>\n<p class=\"x_MsoNormal\"><sup><span lang=\"ES-AR\">\u00a0<\/span><\/sup><sup><span lang=\"ES-AR\">Al comprender este mecanismo, se reafirma la necesidad de evitar que los huevos sean depositados en lugares con agua. Entre \u00e9stas, se cuentan lavar y refregar con frecuencia los recipientes que quedan a la intemperie, dejarlos boca abajo o taparlos, para evitar que las larvas se desarrollen.<\/span><\/sup><\/p>\n<p class=\"x_MsoNormal\"><sup><span lang=\"ES-AR\">\u00a0<\/span><\/sup><sup><span lang=\"ES-AR\">\u201cDe nada sirve fumigar y matar al mosquito en vuelo, si no atacamos a las larvas que crecen en cualquier espacio de nuestras casas\u201d, sostuvo la funcionaria municipal, haciendo hincapi\u00e9 en controlar los \u00edndices larvarios para combatir el dengue.\u00a0 Las condiciones clim\u00e1ticas actuales: la lluvia, el calor y la humedad son justamente lo que necesitan los mosquitos para reproducirse.<\/span><\/sup><\/p>\n<p class=\"x_MsoNormal\"><sup><span lang=\"ES-AR\">\u00a0<\/span><\/sup><sup><span lang=\"ES-AR\">Ya para finalizar, record\u00f3 que el mosquito Aedes aegypti es de h\u00e1bitos domiciliarios y se desarrolla en \u00e1mbitos urbanos y suburbanos. Se cr\u00eda en recipientes capaces de acumular agua (neum\u00e1ticos, floreros, botellas, bebederos de animales, latas, y cualquier recipiente en desuso), donde las hembras ponen sus huevos. Los huevos eclosionan dando lugar a las formas larvarias, que luego se convertir\u00e1 en mosquito adulto. La \u00fanica forma de prevenci\u00f3n del dengue es evitar la cr\u00eda y proliferaci\u00f3n del mosquito transmisor impidiendo la acumulaci\u00f3n de agua dentro y fuera del domicilio.<\/span><\/sup><\/p>\n<p><img loading=\"lazy\" decoding=\"async\" class=\"alignnone  wp-image-1544\" src=\"https:\/\/innovacionygestion.net\/wp-content\/uploads\/2020\/03\/dengue-1-300x169.jpg\" alt=\"\" width=\"502\" height=\"283\" srcset=\"https:\/\/innovacionygestion.net\/wp-content\/uploads\/2020\/03\/dengue-1-300x169.jpg 300w, https:\/\/innovacionygestion.net\/wp-content\/uploads\/2020\/03\/dengue-1-768x431.jpg 768w, https:\/\/innovacionygestion.net\/wp-content\/uploads\/2020\/03\/dengue-1-1024x575.jpg 1024w, https:\/\/innovacionygestion.net\/wp-content\/uploads\/2020\/03\/dengue-1.jpg 1280w\" sizes=\"(max-width: 502px) 100vw, 502px\" \/><img loading=\"lazy\" decoding=\"async\" class=\"alignnone size-medium wp-image-1545\" src=\"https:\/\/innovacionygestion.net\/wp-content\/uploads\/2020\/03\/dengue-2-300x285.jpg\" alt=\"\" width=\"300\" height=\"285\" srcset=\"https:\/\/innovacionygestion.net\/wp-content\/uploads\/2020\/03\/dengue-2-300x285.jpg 300w, https:\/\/innovacionygestion.net\/wp-content\/uploads\/2020\/03\/dengue-2.jpg 718w\" sizes=\"(max-width: 300px) 100vw, 300px\" \/><\/p>\n<div class=\"x_gmail_signature\" dir=\"ltr\">\n<div dir=\"ltr\">\n<div dir=\"ltr\">\n<div><\/div>\n<\/div>\n<\/div>\n<\/div>\n","protected":false},"excerpt":{"rendered":"<p>La r\u00e1pida expansi\u00f3n del coronavirus y su f\u00e1cil contagio oblig\u00f3 al aislamiento obligatorio. Sin embargo,<\/p>\n","protected":false},"author":2,"featured_media":1543,"comment_status":"open","ping_status":"open","sticky":false,"template":"","format":"standard","meta":{"footnotes":""},"categories":[2,13],"tags":[],"_links":{"self":[{"href":"https:\/\/innovacionygestion.net\/index.php\/wp-json\/wp\/v2\/posts\/1542"}],"collection":[{"href":"https:\/\/innovacionygestion.net\/index.php\/wp-json\/wp\/v2\/posts"}],"about":[{"href":"https:\/\/innovacionygestion.net\/index.php\/wp-json\/wp\/v2\/types\/post"}],"author":[{"embeddable":true,"href":"https:\/\/innovacionygestion.net\/index.php\/wp-json\/wp\/v2\/users\/2"}],"replies":[{"embeddable":true,"href":"https:\/\/innovacionygestion.net\/index.php\/wp-json\/wp\/v2\/comments?post=1542"}],"version-history":[{"count":1,"href":"https:\/\/innovacionygestion.net\/index.php\/wp-json\/wp\/v2\/posts\/1542\/revisions"}],"predecessor-version":[{"id":1546,"href":"https:\/\/innovacionygestion.net\/index.php\/wp-json\/wp\/v2\/posts\/1542\/revisions\/1546"}],"wp:featuredmedia":[{"embeddable":true,"href":"https:\/\/innovacionygestion.net\/index.php\/wp-json\/wp\/v2\/media\/1543"}],"wp:attachment":[{"href":"https:\/\/innovacionygestion.net\/index.php\/wp-json\/wp\/v2\/media?parent=1542"}],"wp:term":[{"taxonomy":"category","embeddable":true,"href":"https:\/\/innovacionygestion.net\/index.php\/wp-json\/wp\/v2\/categories?post=1542"},{"taxonomy":"post_tag","embeddable":true,"href":"https:\/\/innovacionygestion.net\/index.php\/wp-json\/wp\/v2\/tags?post=1542"}],"curies":[{"name":"wp","href":"https:\/\/api.w.org\/{rel}","templated":true}]}}