{"id":160,"date":"2019-10-11T08:02:26","date_gmt":"2019-10-11T11:02:26","guid":{"rendered":"https:\/\/innovacionygestion.net\/?p=160"},"modified":"2019-10-11T08:02:26","modified_gmt":"2019-10-11T11:02:26","slug":"se-conocieron-a-los-ternados-de-los-premios-arandu","status":"publish","type":"post","link":"https:\/\/innovacionygestion.net\/index.php\/2019\/10\/11\/se-conocieron-a-los-ternados-de-los-premios-arandu\/","title":{"rendered":"Se conocieron a los ternados de los Premios Arand\u00fa"},"content":{"rendered":"<p>En la sesi\u00f3n ordinaria de este jueves en el Honorable Concejo Deliberante se realiz\u00f3 la apertura de sobre de las siete ternas de los Premios Arand\u00fa 2018-19.<br \/>\nEn la hist\u00f3rica casona de Bol\u00edvar y Rivadavia, y con la presencia de todos los concejales que integran el cuerpo entre Fernando Meza, Anah\u00ed Repetto, Mario Alcaraz y Mart\u00edn Arjol, el secretario de Cultura y Turismo de Posadas, Christian Humada, parte de su equipo de trabajo, la coordinadora de los premios Arand\u00fa, Andrea Merahet, como as\u00ed tambi\u00e9n artistas, escritores y m\u00fasicos presentes, se dieron a conocer los ternados de esta edici\u00f3n.<br \/>\nAs\u00ed en Danza los ternados son: Mat\u00edas Bogado y Alejandra Arancio (Pareja de folclore), \u201cExpandans\u201d dirigido por Laura Romera y Ballet Raza Campera. En Fotograf\u00eda: Elvio Dar\u00edo Avila; YONATHAN Adamchuk y Ana Espinoza. En Letras los elegidos son: Teura Roja por \u201cInterpretando a Don Augusto\u201d; Ra\u00fal Novau por \u201cHarina de Carnaval\u201d y Marcelo Galeano por \u201cLa venganza de su se\u00f1or\u00eda\u201d.<br \/>\nEn M\u00fasica: Flores a los Chanchos; Jugo de Tigre y Okarajazz; En Artes Visuales: Grupo Colectivo Nada que Perder; Martha Maciel y Miriam Krause. En Teatro los ternados son: \u201cUna Valiente Primavera\u201d, \u201cLos Irreverentes\u201d y \u201cLos Apep\u00fa\u201d. Mientras que Audiovisuales est\u00e1n: \u201cUr\u00fa y otros relatos de la tierra roja\u201d, \u201cManduricio\u201d y \u201cAn\u00f3nimas, ellas tambi\u00e9n hacen historia\u201d.<\/p>\n<p>Noche de Gala<br \/>\nTras conocer los ternados a los Premios Arand\u00fa, solo nos quedar\u00e1 aguardar a la \u201cNoche de Gala\u201d el viernes 1 de noviembre en el Audit\u00f3rium Antonio Ruiz de Montoya evento llevado a cabo por la Secretar\u00eda de Cultura y Turismo de la Municipalidad y el acompa\u00f1amiento del HCD de Posadas, donde conoceremos los Ganadores, Menciones especiales y el \u201cPremio Consagraci\u00f3n\u201d galard\u00f3n conferido entre todos los jurados a quien merezca el reconocimiento de haber dedicado su vida a la creaci\u00f3n art\u00edstica y\/o al desarrollo art\u00edstico cultural de nuestra ciudad.<\/p>\n<p>Interesante recorrido<br \/>\nVale recordar que el r\u00e9gimen de los Premios Arand\u00fa est\u00e1 instituido en el \u00e1mbito de la ciudad de Posadas, como premios municipales bianuales al artista y\/o producciones art\u00edsticas (Ordenanza III- N\u00ba 121) y tiene como objetivos generales la promoci\u00f3n y puesta en valor de los talentos art\u00edsticos de la ciudad que galardonan la cultura y enaltecen la natural idiosincrasia de Posadas.<br \/>\nAs\u00ed, desde julio de 2018 el Jurado de Premios Arand\u00fa evalu\u00f3 todas las presentaciones y producciones art\u00edsticas en los distintos escenarios de nuestra ciudad. A estos escenarios se sumaron los \u201cCircuitos de Invierno\u201d Camino al Arand\u00fa 2018 (del 9 al 22 de julio) y 2019 (del 5 al 21 julio); los mismos son llevados a cabo desde la Secretar\u00eda de Cultura y Turismo de la Municipalidad con el objeto de generar espacios para el movimiento cultural posade\u00f1o en el marco de los Premios Arand\u00fa.<br \/>\nEl Circuito de Invierno, pretende acompa\u00f1ar al artista brind\u00e1ndole espacios para la visibilizaci\u00f3n de sus expresiones. El del corriente a\u00f1o tuvo dos caracter\u00edsticas particulares, dada la cantidad de obras teatrales y la disponibilidad de escenarios para las mismas no fue necesario generar espacio para la categor\u00eda Teatro y las mesas de autores de la categor\u00eda Letras se desarrollaron en el mes de agosto en el marco de la IV Expo Universitaria.<\/p>\n","protected":false},"excerpt":{"rendered":"<p>En la sesi\u00f3n ordinaria de este jueves en el Honorable Concejo Deliberante se realiz\u00f3 la<\/p>\n","protected":false},"author":2,"featured_media":161,"comment_status":"open","ping_status":"open","sticky":false,"template":"","format":"standard","meta":{"footnotes":""},"categories":[2],"tags":[],"_links":{"self":[{"href":"https:\/\/innovacionygestion.net\/index.php\/wp-json\/wp\/v2\/posts\/160"}],"collection":[{"href":"https:\/\/innovacionygestion.net\/index.php\/wp-json\/wp\/v2\/posts"}],"about":[{"href":"https:\/\/innovacionygestion.net\/index.php\/wp-json\/wp\/v2\/types\/post"}],"author":[{"embeddable":true,"href":"https:\/\/innovacionygestion.net\/index.php\/wp-json\/wp\/v2\/users\/2"}],"replies":[{"embeddable":true,"href":"https:\/\/innovacionygestion.net\/index.php\/wp-json\/wp\/v2\/comments?post=160"}],"version-history":[{"count":1,"href":"https:\/\/innovacionygestion.net\/index.php\/wp-json\/wp\/v2\/posts\/160\/revisions"}],"predecessor-version":[{"id":162,"href":"https:\/\/innovacionygestion.net\/index.php\/wp-json\/wp\/v2\/posts\/160\/revisions\/162"}],"wp:featuredmedia":[{"embeddable":true,"href":"https:\/\/innovacionygestion.net\/index.php\/wp-json\/wp\/v2\/media\/161"}],"wp:attachment":[{"href":"https:\/\/innovacionygestion.net\/index.php\/wp-json\/wp\/v2\/media?parent=160"}],"wp:term":[{"taxonomy":"category","embeddable":true,"href":"https:\/\/innovacionygestion.net\/index.php\/wp-json\/wp\/v2\/categories?post=160"},{"taxonomy":"post_tag","embeddable":true,"href":"https:\/\/innovacionygestion.net\/index.php\/wp-json\/wp\/v2\/tags?post=160"}],"curies":[{"name":"wp","href":"https:\/\/api.w.org\/{rel}","templated":true}]}}