{"id":1649,"date":"2020-04-04T21:08:36","date_gmt":"2020-04-05T00:08:36","guid":{"rendered":"https:\/\/innovacionygestion.net\/?p=1649"},"modified":"2020-04-04T21:08:36","modified_gmt":"2020-04-05T00:08:36","slug":"continuan-los-ciclos-de-charla-virtuales","status":"publish","type":"post","link":"https:\/\/innovacionygestion.net\/index.php\/2020\/04\/04\/continuan-los-ciclos-de-charla-virtuales\/","title":{"rendered":"Contin\u00faan los ciclos de charla virtuales"},"content":{"rendered":"<p dir=\"ltr\">Desde Direcci\u00f3n General de M\u00e9todos Participativos, Resoluci\u00f3n de Conflictos y Fortalecimiento Ciudadano, proponen este espacio de reflexi\u00f3n llamado \u201cDi\u00e1logos en Comunidad, desde casa\u201d.<\/p>\n<p dir=\"ltr\">Se trata de un ciclo de charlas virtuales en vivo para tratar diferentes tem\u00e1ticas, elegidas en base a las problem\u00e1ticas e intereses planteadas por la comunidad, acompa\u00f1ados de profesionales que ayudar\u00e1n a transitar este proceso de aislamiento de una manera cuidada.<\/p>\n<p dir=\"ltr\">Esta propuesta hace al fortalecimiento de pol\u00edticas p\u00fablicas, en tanto que proponen incorporar perspectivas interdisciplinarias a fin de brindar insumos y herramientas, para la elaboraci\u00f3n de instrumentos de transformaci\u00f3n social.<\/p>\n<p dir=\"ltr\">Para acceder a las \u201clos vivos\u201d se deber\u00e1 ingresar al instragram @valeria_fiore_caceres, seg\u00fan el siguiente cronograma:<\/p>\n<p dir=\"ltr\">*Martes 7\/4 \u2013 10:30 hs., la Lic. Corina Dousset Urquiza hablar\u00e1 sobre la cuarentena y el consumo problem\u00e1tico de sustancias<\/p>\n<p dir=\"ltr\">*Mi\u00e9rcoles 8\/4- 10:30 hs., la Lic. Silvana Dom\u00ednguez abordar\u00e1 desde la psicolog\u00eda los aspectos m\u00e1s duros de esta cuarentena<\/p>\n<p dir=\"ltr\">*En tanto que el jueves 9\/4, el Padre Juan Rajimon reflexionar\u00e1 sobre c\u00f3mo vivir la espiritualidad desde nuestros hogares.<\/p>\n<p dir=\"ltr\">Los ciclos ser\u00e1n facilitados por la Dra. Valeria Fiore C\u00e1ceres Directora General de Mediaci\u00f3n y Fortalecimiento Ciudadano de la Ciudad.<\/p>\n<p dir=\"ltr\">Los encuentros ser\u00e1n grabados y se podr\u00e1 acceder a ellos en cualquier momento desde las redes de la Direcci\u00f3n en Facebook: Mediaci\u00f3n Posadas y en Instagram: @direcciondemediacion.<\/p>\n","protected":false},"excerpt":{"rendered":"<p>Desde Direcci\u00f3n General de M\u00e9todos Participativos, Resoluci\u00f3n de Conflictos y Fortalecimiento Ciudadano, proponen este espacio<\/p>\n","protected":false},"author":2,"featured_media":1650,"comment_status":"open","ping_status":"open","sticky":false,"template":"","format":"standard","meta":{"footnotes":""},"categories":[2],"tags":[],"_links":{"self":[{"href":"https:\/\/innovacionygestion.net\/index.php\/wp-json\/wp\/v2\/posts\/1649"}],"collection":[{"href":"https:\/\/innovacionygestion.net\/index.php\/wp-json\/wp\/v2\/posts"}],"about":[{"href":"https:\/\/innovacionygestion.net\/index.php\/wp-json\/wp\/v2\/types\/post"}],"author":[{"embeddable":true,"href":"https:\/\/innovacionygestion.net\/index.php\/wp-json\/wp\/v2\/users\/2"}],"replies":[{"embeddable":true,"href":"https:\/\/innovacionygestion.net\/index.php\/wp-json\/wp\/v2\/comments?post=1649"}],"version-history":[{"count":1,"href":"https:\/\/innovacionygestion.net\/index.php\/wp-json\/wp\/v2\/posts\/1649\/revisions"}],"predecessor-version":[{"id":1651,"href":"https:\/\/innovacionygestion.net\/index.php\/wp-json\/wp\/v2\/posts\/1649\/revisions\/1651"}],"wp:featuredmedia":[{"embeddable":true,"href":"https:\/\/innovacionygestion.net\/index.php\/wp-json\/wp\/v2\/media\/1650"}],"wp:attachment":[{"href":"https:\/\/innovacionygestion.net\/index.php\/wp-json\/wp\/v2\/media?parent=1649"}],"wp:term":[{"taxonomy":"category","embeddable":true,"href":"https:\/\/innovacionygestion.net\/index.php\/wp-json\/wp\/v2\/categories?post=1649"},{"taxonomy":"post_tag","embeddable":true,"href":"https:\/\/innovacionygestion.net\/index.php\/wp-json\/wp\/v2\/tags?post=1649"}],"curies":[{"name":"wp","href":"https:\/\/api.w.org\/{rel}","templated":true}]}}