{"id":1655,"date":"2020-04-04T21:16:25","date_gmt":"2020-04-05T00:16:25","guid":{"rendered":"https:\/\/innovacionygestion.net\/?p=1655"},"modified":"2020-04-04T21:16:25","modified_gmt":"2020-04-05T00:16:25","slug":"el-ifai-superviso-tareas-de-prevencion-en-el-mercado-concentrador-zonal-de-obera","status":"publish","type":"post","link":"https:\/\/innovacionygestion.net\/index.php\/2020\/04\/04\/el-ifai-superviso-tareas-de-prevencion-en-el-mercado-concentrador-zonal-de-obera\/","title":{"rendered":"El IFAI supervis\u00f3 tareas de prevenci\u00f3n en el Mercado Concentrador Zonal de Ober\u00e1."},"content":{"rendered":"<p class=\"x_MsoNormal\">El Presidente del Instituto de Fomento Agropecuario e Industrial, Cdor. Marcelo Rodr\u00edguez, destac\u00f3 la importancia que tiene en la Zona Centro el Mercado Concentrador Zonal de Ober\u00e1 para que la poblaci\u00f3n pueda seguir abasteci\u00e9ndose de alimentos en la cuarentena.<\/p>\n<p class=\"x_MsoNormal\">Adem\u00e1s, acompa\u00f1aron la recorrida por el Centro Comercial, Rosana Arguello integrante del Directorio del IFAI y el Coordinador local, Horacio Biondi, verificando los trabajos de prevenci\u00f3n en el marco de la Emergencia Sanitaria y Epidemiol\u00f3gica Provincial.<\/p>\n<p class=\"x_MsoNormal\">El funcionario, destac\u00f3 la labor del personal del Instituto que trabaja en el Mercado, como asi tambi\u00e9n la del personal de Salud P\u00fablica de la Provincia que colabora en la tarea de prevenci\u00f3n.<\/p>\n<p class=\"x_MsoNormal\">&#8220;Garantizar la comercializaci\u00f3n de productos frescos de la chacra misionera forma parte de la pol\u00edtica del Gobierno Provincial&#8221; se\u00f1al\u00f3. Adem\u00e1s, hizo hincapi\u00e9 que &#8220;las medidas de prevenci\u00f3n son primordiales para seguir cuidando la salud de todos los Misioneros&#8221; concluy\u00f3.<\/p>\n<p class=\"x_MsoNormal\">Ubicaci\u00f3n y horarios de atenci\u00f3n:<\/p>\n<p class=\"x_MsoNormal\">El Mercado Concentrador zonal de Ober\u00e1 est\u00e1 ubicado en Av. Domingo Berrondo y calle Fervesani del Barrio Copisa.<\/p>\n<p class=\"x_MsoNormal\">El horario de atenci\u00f3n: mi\u00e9rcoles a s\u00e1bados de 7 a 12:30 horas.<\/p>\n<p class=\"x_MsoNormal\">Horario especial para mayores y personas en riesgo de 7:00 a 8:00 horas.<\/p>\n<p><img loading=\"lazy\" decoding=\"async\" class=\"alignnone size-medium wp-image-1657\" src=\"https:\/\/innovacionygestion.net\/wp-content\/uploads\/2020\/04\/1-300x190.jpeg\" alt=\"\" width=\"300\" height=\"190\" srcset=\"https:\/\/innovacionygestion.net\/wp-content\/uploads\/2020\/04\/1-300x190.jpeg 300w, https:\/\/innovacionygestion.net\/wp-content\/uploads\/2020\/04\/1-768x485.jpeg 768w, https:\/\/innovacionygestion.net\/wp-content\/uploads\/2020\/04\/1.jpeg 1024w\" sizes=\"(max-width: 300px) 100vw, 300px\" \/><img loading=\"lazy\" decoding=\"async\" class=\"alignnone  wp-image-1658\" src=\"https:\/\/innovacionygestion.net\/wp-content\/uploads\/2020\/04\/2-300x195.jpeg\" alt=\"\" width=\"291\" height=\"189\" srcset=\"https:\/\/innovacionygestion.net\/wp-content\/uploads\/2020\/04\/2-300x195.jpeg 300w, https:\/\/innovacionygestion.net\/wp-content\/uploads\/2020\/04\/2-768x498.jpeg 768w, https:\/\/innovacionygestion.net\/wp-content\/uploads\/2020\/04\/2.jpeg 1024w\" sizes=\"(max-width: 291px) 100vw, 291px\" \/><\/p>\n","protected":false},"excerpt":{"rendered":"<p>El Presidente del Instituto de Fomento Agropecuario e Industrial, Cdor. Marcelo Rodr\u00edguez, destac\u00f3 la importancia<\/p>\n","protected":false},"author":2,"featured_media":1656,"comment_status":"open","ping_status":"open","sticky":false,"template":"","format":"standard","meta":{"footnotes":""},"categories":[2],"tags":[],"_links":{"self":[{"href":"https:\/\/innovacionygestion.net\/index.php\/wp-json\/wp\/v2\/posts\/1655"}],"collection":[{"href":"https:\/\/innovacionygestion.net\/index.php\/wp-json\/wp\/v2\/posts"}],"about":[{"href":"https:\/\/innovacionygestion.net\/index.php\/wp-json\/wp\/v2\/types\/post"}],"author":[{"embeddable":true,"href":"https:\/\/innovacionygestion.net\/index.php\/wp-json\/wp\/v2\/users\/2"}],"replies":[{"embeddable":true,"href":"https:\/\/innovacionygestion.net\/index.php\/wp-json\/wp\/v2\/comments?post=1655"}],"version-history":[{"count":1,"href":"https:\/\/innovacionygestion.net\/index.php\/wp-json\/wp\/v2\/posts\/1655\/revisions"}],"predecessor-version":[{"id":1659,"href":"https:\/\/innovacionygestion.net\/index.php\/wp-json\/wp\/v2\/posts\/1655\/revisions\/1659"}],"wp:featuredmedia":[{"embeddable":true,"href":"https:\/\/innovacionygestion.net\/index.php\/wp-json\/wp\/v2\/media\/1656"}],"wp:attachment":[{"href":"https:\/\/innovacionygestion.net\/index.php\/wp-json\/wp\/v2\/media?parent=1655"}],"wp:term":[{"taxonomy":"category","embeddable":true,"href":"https:\/\/innovacionygestion.net\/index.php\/wp-json\/wp\/v2\/categories?post=1655"},{"taxonomy":"post_tag","embeddable":true,"href":"https:\/\/innovacionygestion.net\/index.php\/wp-json\/wp\/v2\/tags?post=1655"}],"curies":[{"name":"wp","href":"https:\/\/api.w.org\/{rel}","templated":true}]}}