{"id":1677,"date":"2020-04-07T09:38:01","date_gmt":"2020-04-07T12:38:01","guid":{"rendered":"https:\/\/innovacionygestion.net\/?p=1677"},"modified":"2020-04-07T09:38:01","modified_gmt":"2020-04-07T12:38:01","slug":"con-las-recomendaciones-sanitarias-reabrieron-con-exito-las-ferias-francas","status":"publish","type":"post","link":"https:\/\/innovacionygestion.net\/index.php\/2020\/04\/07\/con-las-recomendaciones-sanitarias-reabrieron-con-exito-las-ferias-francas\/","title":{"rendered":"Con las recomendaciones sanitarias, reabrieron con \u00e9xito las Ferias Francas"},"content":{"rendered":"<p class=\"x_MsoNormal\">Con permiso de la Municipalidad de Posadas y una serie de restricciones preventivas, cinco Ferias Francas retomaron sus actividades por segundo fin de semana consecutivo. El motivo fue reactivar al sector productivo, para que los agricultores no pierdan sus productos por la cuarentena obligatoria, y, que los consumidores accedan a productos de las chacras misioneras a precios accesibles.<\/p>\n<p class=\"x_MsoNormal\">En este sentido, el decreto 297\/2020 del Gobierno nacional permite la continuidad de las actividades de producci\u00f3n y de comercializaci\u00f3n agropecuaria. Para ello, la comuna hizo recomendaciones sobre las distintas modalidades de distribuci\u00f3n y venta directa de los productos hort\u00edcolas.<\/p>\n<p class=\"x_MsoNormal\">Es as\u00ed que el s\u00e1bado se abrieron los mercados de\u00a0 Villa Cabello, Itaemb\u00e9 Min\u00ed y Miguel Lan\u00fas, mientras que el domingo se habilitaron las sedes de Santa Rita y Chacras 32-33, En comparaci\u00f3n al fin de semana pasado la oferta pudo cubrir la demanda, si bien no se aument\u00f3 la cantidad de feriantes por ferias, si se trabaj\u00f3 con ellos en la posibilidad que puedan traer m\u00e1s cantidad de productos.<\/p>\n<p class=\"x_MsoNormal\">En el marco de la emergencia epidemiol\u00f3gica por el coronavirus, tomando todas las medidas preventivas para consumidores y productores feriantes, estos cinco mercados de la econom\u00eda regional funcionaron de 06:00 a 13:00.<br \/>\nEn la feria de Villa Cabello se cont\u00f3 con la inspecci\u00f3n del equipo de la Direcci\u00f3n de Seguridad e Higiene de la Municipalidad, quienes certificaron que los feriantes presentes contaban con la documentaci\u00f3n al d\u00eda, como\u00a0 carnet sanitario, curso de manipulaci\u00f3n de alimentos y el certificado sanitario emitido por el Senasa. Adem\u00e1s corroboraron que los rubros c\u00e1rnicos contaban con la cadena de fr\u00edo adecuada. Estas inspecciones se mantendr\u00e1n en todos los puestos.<\/p>\n<p class=\"x_MsoNormal\">Adem\u00e1s, el equipo municipal de desinfecci\u00f3n dependiente de Servicios P\u00fablicos, tambi\u00e9n llev\u00f3 a cabo el operativo de la limpieza en los espacios que se realizan las filas de los consumidores.<\/p>\n<p>Las medidas sanitarias y de seguridad se concretaron por el trabajo en conjunto con Seguridad Municipal, Polic\u00eda de la Provincia, Agricultura Familiar de la provincia de Misiones y la Asociaci\u00f3n de Ferias Francas de Posadas.<\/p>\n<p><img loading=\"lazy\" decoding=\"async\" class=\"alignnone size-medium wp-image-1679\" src=\"https:\/\/innovacionygestion.net\/wp-content\/uploads\/2020\/04\/ferias-1-300x300.jpg\" alt=\"\" width=\"300\" height=\"300\" srcset=\"https:\/\/innovacionygestion.net\/wp-content\/uploads\/2020\/04\/ferias-1-300x300.jpg 300w, https:\/\/innovacionygestion.net\/wp-content\/uploads\/2020\/04\/ferias-1-150x150.jpg 150w, https:\/\/innovacionygestion.net\/wp-content\/uploads\/2020\/04\/ferias-1-50x50.jpg 50w, https:\/\/innovacionygestion.net\/wp-content\/uploads\/2020\/04\/ferias-1.jpg 864w\" sizes=\"(max-width: 300px) 100vw, 300px\" \/><img loading=\"lazy\" decoding=\"async\" class=\"alignnone  wp-image-1680\" src=\"https:\/\/innovacionygestion.net\/wp-content\/uploads\/2020\/04\/ferias-2-300x281.jpg\" alt=\"\" width=\"320\" height=\"300\" srcset=\"https:\/\/innovacionygestion.net\/wp-content\/uploads\/2020\/04\/ferias-2-300x281.jpg 300w, https:\/\/innovacionygestion.net\/wp-content\/uploads\/2020\/04\/ferias-2-768x718.jpg 768w, https:\/\/innovacionygestion.net\/wp-content\/uploads\/2020\/04\/ferias-2.jpg 864w\" sizes=\"(max-width: 320px) 100vw, 320px\" \/><\/p>\n","protected":false},"excerpt":{"rendered":"<p>Con permiso de la Municipalidad de Posadas y una serie de restricciones preventivas, cinco Ferias<\/p>\n","protected":false},"author":2,"featured_media":1678,"comment_status":"open","ping_status":"open","sticky":false,"template":"","format":"standard","meta":{"footnotes":""},"categories":[2],"tags":[],"_links":{"self":[{"href":"https:\/\/innovacionygestion.net\/index.php\/wp-json\/wp\/v2\/posts\/1677"}],"collection":[{"href":"https:\/\/innovacionygestion.net\/index.php\/wp-json\/wp\/v2\/posts"}],"about":[{"href":"https:\/\/innovacionygestion.net\/index.php\/wp-json\/wp\/v2\/types\/post"}],"author":[{"embeddable":true,"href":"https:\/\/innovacionygestion.net\/index.php\/wp-json\/wp\/v2\/users\/2"}],"replies":[{"embeddable":true,"href":"https:\/\/innovacionygestion.net\/index.php\/wp-json\/wp\/v2\/comments?post=1677"}],"version-history":[{"count":1,"href":"https:\/\/innovacionygestion.net\/index.php\/wp-json\/wp\/v2\/posts\/1677\/revisions"}],"predecessor-version":[{"id":1681,"href":"https:\/\/innovacionygestion.net\/index.php\/wp-json\/wp\/v2\/posts\/1677\/revisions\/1681"}],"wp:featuredmedia":[{"embeddable":true,"href":"https:\/\/innovacionygestion.net\/index.php\/wp-json\/wp\/v2\/media\/1678"}],"wp:attachment":[{"href":"https:\/\/innovacionygestion.net\/index.php\/wp-json\/wp\/v2\/media?parent=1677"}],"wp:term":[{"taxonomy":"category","embeddable":true,"href":"https:\/\/innovacionygestion.net\/index.php\/wp-json\/wp\/v2\/categories?post=1677"},{"taxonomy":"post_tag","embeddable":true,"href":"https:\/\/innovacionygestion.net\/index.php\/wp-json\/wp\/v2\/tags?post=1677"}],"curies":[{"name":"wp","href":"https:\/\/api.w.org\/{rel}","templated":true}]}}