{"id":1688,"date":"2020-04-07T14:49:07","date_gmt":"2020-04-07T17:49:07","guid":{"rendered":"https:\/\/innovacionygestion.net\/?p=1688"},"modified":"2020-04-07T14:49:07","modified_gmt":"2020-04-07T17:49:07","slug":"el-mercado-concentrador-de-posadas-sigue-abasteciendo-con-productos-frescos-en-semana-santa-y-con-el-protocolo-que-dicta-la-emergencia-sanitaria","status":"publish","type":"post","link":"https:\/\/innovacionygestion.net\/index.php\/2020\/04\/07\/el-mercado-concentrador-de-posadas-sigue-abasteciendo-con-productos-frescos-en-semana-santa-y-con-el-protocolo-que-dicta-la-emergencia-sanitaria\/","title":{"rendered":"El Mercado Concentrador de Posadas sigue abasteciendo con productos frescos en Semana Santa y con el protocolo que dicta la Emergencia Sanitaria"},"content":{"rendered":"<p class=\"x_MsoNormal\">El presidente del Instituto de Fomento Agropecuario e Industrial (IFAI) Cdor Marcelo Rodr\u00edguez se\u00f1al\u00f3 que el Mercado Concentrador de Posadas abre sus puertas todas las semanas para que la poblaci\u00f3n se abastezca de alimentos frescos de las chacras misioneras.<\/p>\n<p class=\"x_MsoNormal\">El objetivo es que las familias puedan comprar en esta cuarentena con todas las medidas preventivas que responsablemente se han tomado desde el IFAI a fin de cuidar la salud de los misioneros.<\/p>\n<p class=\"x_MsoNormal\">En ese marco, \u201cabriremos las puertas del Mercado el Jueves Santo, en este tiempo tan particular para el sentir de la familia cristiana, ofreciendo los productos y comidas t\u00edpicas que se preparan en estas fechas.<\/p>\n<p class=\"x_MsoNormal\">\u201cEn nuestro predio se han cumplimentado todas las medidas dispuestas en esta Emergencia Sanitaria y Epidemiol\u00f3gica para cuidar la salud de los misioneros: en el ingreso estamos tomando la temperatura porque hay una cuesti\u00f3n que es com\u00fan al Dengue y al Coronavirus y es el s\u00edntoma febril\u201d, explic\u00f3 el Presidente.<\/p>\n<p class=\"x_MsoNormal\">Para a\u00f1adir que, luego de tomar la temperatura, \u201ctambi\u00e9n se invita a los compradores a extender las manos para recibir el alcohol en gel. Y a partir de all\u00ed ir\u00e1n haciendo las colas con una distancia de un metro y medio entre personas\u201d.<\/p>\n<p class=\"x_MsoNormal\">El Cdor Rodr\u00edguez se\u00f1al\u00f3 tambi\u00e9n que \u201cpor cada sector de Mercado Concentrador: frutihort\u00edcola, de quesos, carnes, preelaborados, no ingresan m\u00e1s de 15 personas.<\/p>\n<p class=\"x_MsoNormal\">\u201cY el ingreso es rotativo: egresan 2 personas en un sector e ingresan otras dos. Siempre 15 personas como m\u00e1ximo en cada uno de los sectores\u201d.<\/p>\n<p class=\"x_MsoNormal\">El Presidente del IFAI hizo notar que \u201cla gente ha respetado siempre. Ha sido consciente que es para cuidar su salud. Y ha tenido la suficiente paciencia para realizar sus compras en orden y siguiendo todos los protocolos establecidos por esta pandemia mundial\u201d.<\/p>\n<p class=\"x_MsoNormal\">Destac\u00f3 que \u201csi los indicadores son bajos es porque el doctor Oscar Herrera Ahuad actu\u00f3 con el Gobierno de la Provincia de Misiones con rapidez. Y a trav\u00e9s del Ministerio de Salud se han tomado todos los recaudos que hoy permiten exhibir una Provincia con \u00edndices muy bajos de contagio\u201d.<\/p>\n<p>&nbsp;<\/p>\n","protected":false},"excerpt":{"rendered":"<p>El presidente del Instituto de Fomento Agropecuario e Industrial (IFAI) Cdor Marcelo Rodr\u00edguez se\u00f1al\u00f3 que<\/p>\n","protected":false},"author":2,"featured_media":1689,"comment_status":"open","ping_status":"open","sticky":false,"template":"","format":"standard","meta":{"footnotes":""},"categories":[2],"tags":[],"_links":{"self":[{"href":"https:\/\/innovacionygestion.net\/index.php\/wp-json\/wp\/v2\/posts\/1688"}],"collection":[{"href":"https:\/\/innovacionygestion.net\/index.php\/wp-json\/wp\/v2\/posts"}],"about":[{"href":"https:\/\/innovacionygestion.net\/index.php\/wp-json\/wp\/v2\/types\/post"}],"author":[{"embeddable":true,"href":"https:\/\/innovacionygestion.net\/index.php\/wp-json\/wp\/v2\/users\/2"}],"replies":[{"embeddable":true,"href":"https:\/\/innovacionygestion.net\/index.php\/wp-json\/wp\/v2\/comments?post=1688"}],"version-history":[{"count":1,"href":"https:\/\/innovacionygestion.net\/index.php\/wp-json\/wp\/v2\/posts\/1688\/revisions"}],"predecessor-version":[{"id":1690,"href":"https:\/\/innovacionygestion.net\/index.php\/wp-json\/wp\/v2\/posts\/1688\/revisions\/1690"}],"wp:featuredmedia":[{"embeddable":true,"href":"https:\/\/innovacionygestion.net\/index.php\/wp-json\/wp\/v2\/media\/1689"}],"wp:attachment":[{"href":"https:\/\/innovacionygestion.net\/index.php\/wp-json\/wp\/v2\/media?parent=1688"}],"wp:term":[{"taxonomy":"category","embeddable":true,"href":"https:\/\/innovacionygestion.net\/index.php\/wp-json\/wp\/v2\/categories?post=1688"},{"taxonomy":"post_tag","embeddable":true,"href":"https:\/\/innovacionygestion.net\/index.php\/wp-json\/wp\/v2\/tags?post=1688"}],"curies":[{"name":"wp","href":"https:\/\/api.w.org\/{rel}","templated":true}]}}