{"id":1694,"date":"2020-04-09T20:01:45","date_gmt":"2020-04-09T23:01:45","guid":{"rendered":"https:\/\/innovacionygestion.net\/?p=1694"},"modified":"2020-04-09T20:01:45","modified_gmt":"2020-04-09T23:01:45","slug":"el-centro-de-atencion-psicosocial-del-ips-cumple-7-anos-de-servicio","status":"publish","type":"post","link":"https:\/\/innovacionygestion.net\/index.php\/2020\/04\/09\/el-centro-de-atencion-psicosocial-del-ips-cumple-7-anos-de-servicio\/","title":{"rendered":"El Centro de Atenci\u00f3n Psicosocial del IPS cumple 7 a\u00f1os de servicio"},"content":{"rendered":"<p>El Centro de Atenci\u00f3n Psicosocial del Instituto de Previsi\u00f3n Social de Misiones cumple hoy 7 a\u00f1os de compromiso con otra epidemia que preocupa y ocupa: las violencias.<\/p>\n<p>En este contexto tiene como objetivo garantizar la atenci\u00f3n integral, asesoramiento y acompa\u00f1amiento de sus afiliados\/as activos y pasivos, que son v\u00edctimas de problem\u00e1ticas relacionadas a la violencia (familiar, de g\u00e9nero, laboral, escolar); a trav\u00e9s de un equipo interdisciplinario de profesionales, que desde una perspectiva de g\u00e9nero integran tres \u00e1reas de trabajo espec\u00edfico: Social, Psicol\u00f3gica y Jur\u00eddica.<\/p>\n<p>La atenci\u00f3n se realiza de 8 a 12 y de 14 a 19 hs. comunic\u00e1ndose por whatsapp al 3764687932 y 3764609500; en estos momentos de aislamiento estando m\u00e1s presentes que nunca para quienes necesiten romper el silencio record\u00e1ndoles que pueden pedir ayuda, porque &#8220;estamos aislados pero no est\u00e1s sola\/o&#8221;.<\/p>\n","protected":false},"excerpt":{"rendered":"<p>El Centro de Atenci\u00f3n Psicosocial del Instituto de Previsi\u00f3n Social de Misiones cumple hoy 7<\/p>\n","protected":false},"author":2,"featured_media":1695,"comment_status":"open","ping_status":"open","sticky":false,"template":"","format":"standard","meta":{"footnotes":""},"categories":[9],"tags":[],"_links":{"self":[{"href":"https:\/\/innovacionygestion.net\/index.php\/wp-json\/wp\/v2\/posts\/1694"}],"collection":[{"href":"https:\/\/innovacionygestion.net\/index.php\/wp-json\/wp\/v2\/posts"}],"about":[{"href":"https:\/\/innovacionygestion.net\/index.php\/wp-json\/wp\/v2\/types\/post"}],"author":[{"embeddable":true,"href":"https:\/\/innovacionygestion.net\/index.php\/wp-json\/wp\/v2\/users\/2"}],"replies":[{"embeddable":true,"href":"https:\/\/innovacionygestion.net\/index.php\/wp-json\/wp\/v2\/comments?post=1694"}],"version-history":[{"count":1,"href":"https:\/\/innovacionygestion.net\/index.php\/wp-json\/wp\/v2\/posts\/1694\/revisions"}],"predecessor-version":[{"id":1696,"href":"https:\/\/innovacionygestion.net\/index.php\/wp-json\/wp\/v2\/posts\/1694\/revisions\/1696"}],"wp:featuredmedia":[{"embeddable":true,"href":"https:\/\/innovacionygestion.net\/index.php\/wp-json\/wp\/v2\/media\/1695"}],"wp:attachment":[{"href":"https:\/\/innovacionygestion.net\/index.php\/wp-json\/wp\/v2\/media?parent=1694"}],"wp:term":[{"taxonomy":"category","embeddable":true,"href":"https:\/\/innovacionygestion.net\/index.php\/wp-json\/wp\/v2\/categories?post=1694"},{"taxonomy":"post_tag","embeddable":true,"href":"https:\/\/innovacionygestion.net\/index.php\/wp-json\/wp\/v2\/tags?post=1694"}],"curies":[{"name":"wp","href":"https:\/\/api.w.org\/{rel}","templated":true}]}}