{"id":1698,"date":"2020-04-09T21:43:37","date_gmt":"2020-04-10T00:43:37","guid":{"rendered":"https:\/\/innovacionygestion.net\/?p=1698"},"modified":"2020-04-09T21:43:37","modified_gmt":"2020-04-10T00:43:37","slug":"gran-demanda-en-las-ferias-francas-que-funcionaron-con-todas-las-recomendaciones-sanitarias","status":"publish","type":"post","link":"https:\/\/innovacionygestion.net\/index.php\/2020\/04\/09\/gran-demanda-en-las-ferias-francas-que-funcionaron-con-todas-las-recomendaciones-sanitarias\/","title":{"rendered":"Gran demanda en las Ferias Francas que funcionaron con todas las recomendaciones sanitarias"},"content":{"rendered":"<p class=\"x_MsoNormal\">La Municipalidad de Posadas autoriz\u00f3 para que este Jueves Santo funcionaran siete Ferias Francas, dos m\u00e1s que semanas anteriores. Con una bater\u00eda de restricciones preventivas, los mercados funcionaron de 06:00 a 13:00 en las sedes de Villa Cabello, Itaemb\u00e9 Min\u00ed, Miguel Lan\u00fas, Santa Rita, Chacras 32-33 y las que se sumaron a partir de hoy: Itaemb\u00e9 Guaz\u00fa (en el predio de la Escuela Especial 43) y en barrio Los \u00c1lamos (en la plaza central).<\/p>\n<p class=\"x_MsoNormal\">Los consumidores se acercaron desde horas tempranas para adquirir hortalizas y frutas, respetando las recomendaciones sanitarias y protocolos de seguridad. Con esta iniciativa se\u00a0 apunta a sostener la econom\u00eda regional, para que los agricultores no pierdan sus cosechas por la cuarentena obligatoria, y, a su vez, que los compradores accedan a estas mercader\u00edas a precios accesibles.<\/p>\n<p class=\"x_MsoNormal\">Si bien no se aument\u00f3 la cantidad de feriantes por sede, se trabaj\u00f3 en la mayor oferta de verduras y en la apertura de otros dos mercados regionales. Para ello, la comuna hizo recomendaciones sobre las distintas modalidades de distribuci\u00f3n y venta directa de los productos hort\u00edcolas.<\/p>\n<p class=\"x_MsoNormal\">Adem\u00e1s de la Secretar\u00eda de Desarrollo Econ\u00f3mico otras \u00e1reas municipales intervinieron para que los posade\u00f1os accedan a estos alimentos como la Secretar\u00eda de Salud, la Secretar\u00eda de Servicios y Obras P\u00fablicas, la Secretar\u00eda de Movilidad Urbana, a su vez, desde el \u00e1mbito provincial colaboraron la Polic\u00eda de Misiones y el Ministerio de Agricultura Familiar; y el organismo internacional de la Cruz Roja.<\/p>\n<p><img loading=\"lazy\" decoding=\"async\" class=\"alignnone size-medium wp-image-1700\" src=\"https:\/\/innovacionygestion.net\/wp-content\/uploads\/2020\/04\/F-FRANCAS-5-286x300.jpg\" alt=\"\" width=\"286\" height=\"300\" srcset=\"https:\/\/innovacionygestion.net\/wp-content\/uploads\/2020\/04\/F-FRANCAS-5-286x300.jpg 286w, https:\/\/innovacionygestion.net\/wp-content\/uploads\/2020\/04\/F-FRANCAS-5.jpg 546w\" sizes=\"(max-width: 286px) 100vw, 286px\" \/><img loading=\"lazy\" decoding=\"async\" class=\"alignnone size-medium wp-image-1701\" src=\"https:\/\/innovacionygestion.net\/wp-content\/uploads\/2020\/04\/F-FRANCAS-2-249x300.jpg\" alt=\"\" width=\"249\" height=\"300\" srcset=\"https:\/\/innovacionygestion.net\/wp-content\/uploads\/2020\/04\/F-FRANCAS-2-249x300.jpg 249w, https:\/\/innovacionygestion.net\/wp-content\/uploads\/2020\/04\/F-FRANCAS-2.jpg 580w\" sizes=\"(max-width: 249px) 100vw, 249px\" \/><\/p>\n","protected":false},"excerpt":{"rendered":"<p>La Municipalidad de Posadas autoriz\u00f3 para que este Jueves Santo funcionaran siete Ferias Francas, dos<\/p>\n","protected":false},"author":2,"featured_media":1699,"comment_status":"open","ping_status":"open","sticky":false,"template":"","format":"standard","meta":{"footnotes":""},"categories":[2],"tags":[],"_links":{"self":[{"href":"https:\/\/innovacionygestion.net\/index.php\/wp-json\/wp\/v2\/posts\/1698"}],"collection":[{"href":"https:\/\/innovacionygestion.net\/index.php\/wp-json\/wp\/v2\/posts"}],"about":[{"href":"https:\/\/innovacionygestion.net\/index.php\/wp-json\/wp\/v2\/types\/post"}],"author":[{"embeddable":true,"href":"https:\/\/innovacionygestion.net\/index.php\/wp-json\/wp\/v2\/users\/2"}],"replies":[{"embeddable":true,"href":"https:\/\/innovacionygestion.net\/index.php\/wp-json\/wp\/v2\/comments?post=1698"}],"version-history":[{"count":1,"href":"https:\/\/innovacionygestion.net\/index.php\/wp-json\/wp\/v2\/posts\/1698\/revisions"}],"predecessor-version":[{"id":1702,"href":"https:\/\/innovacionygestion.net\/index.php\/wp-json\/wp\/v2\/posts\/1698\/revisions\/1702"}],"wp:featuredmedia":[{"embeddable":true,"href":"https:\/\/innovacionygestion.net\/index.php\/wp-json\/wp\/v2\/media\/1699"}],"wp:attachment":[{"href":"https:\/\/innovacionygestion.net\/index.php\/wp-json\/wp\/v2\/media?parent=1698"}],"wp:term":[{"taxonomy":"category","embeddable":true,"href":"https:\/\/innovacionygestion.net\/index.php\/wp-json\/wp\/v2\/categories?post=1698"},{"taxonomy":"post_tag","embeddable":true,"href":"https:\/\/innovacionygestion.net\/index.php\/wp-json\/wp\/v2\/tags?post=1698"}],"curies":[{"name":"wp","href":"https:\/\/api.w.org\/{rel}","templated":true}]}}