{"id":1708,"date":"2020-04-09T21:58:24","date_gmt":"2020-04-10T00:58:24","guid":{"rendered":"https:\/\/innovacionygestion.net\/?p=1708"},"modified":"2020-04-09T21:58:24","modified_gmt":"2020-04-10T00:58:24","slug":"wanda-no-se-detiene-y-colonia-morena-ya-tiene-su-primera-aula-satelite","status":"publish","type":"post","link":"https:\/\/innovacionygestion.net\/index.php\/2020\/04\/09\/wanda-no-se-detiene-y-colonia-morena-ya-tiene-su-primera-aula-satelite\/","title":{"rendered":"Wanda no se detiene y Colonia Morena ya tiene su primera aula sat\u00e9lite"},"content":{"rendered":"<p style=\"font-weight: 400;\">Pese a que a\u00fan contin\u00faa vigente el aislamiento preventivo domiciliario por la emergencia sanitaria ante la pandemia de coronavirus, y a\u00fan no est\u00e1 confirmado cu\u00e1ndo se reiniciar\u00eda el ciclo lectivo, en Colonia Morena, la comunidad educativa ya cuenta con una nueva aula sat\u00e9lite, una obra hist\u00f3rica para la comunidad local por su significancia.<\/p>\n<p style=\"font-weight: 400;\">El aula fue concretada con fondos propios del municipio y llevada adelante por personal de la comuna, siendo posible a trav\u00e9s de una gesti\u00f3n ordenada y que logr\u00f3 equilibrar las cuentas del Departamento Ejecutivo Municipal, llevada adelante por el intendente de Colonia Wanda, Felipe Jele\u00f1.<\/p>\n<p style=\"font-weight: 400;\">En la misma sinton\u00eda, tambi\u00e9n a mediados de marzo, antes de que se determine el aislamiento domiciliario obligatorio, se hab\u00eda comenzado la obra de otra aula sat\u00e9lite, la segunda, en el lote 3, Paraje los Cerros, \u201clo que permitir\u00e1 llevar una soluci\u00f3n a al menos 25 chicos que ser\u00edan los inscriptos para la matr\u00edcula inicial\u201d, resalt\u00f3 el intendente Jele\u00f1.<\/p>\n<p style=\"font-weight: 400;\">De esta manera, desde la gesti\u00f3n municipal se prepara para que, cuando pase la situaci\u00f3n extrema que se vive en la provincia, el pa\u00eds y el mundo, la vuelta a clases sea una realidad para todos los ni\u00f1os wandenses, trabajando para lograr la igualdad de oportunidades.<\/p>\n<p>&nbsp;<\/p>\n<p>Fuente: Gestion Comunal Misiones<\/p>\n","protected":false},"excerpt":{"rendered":"<p>Pese a que a\u00fan contin\u00faa vigente el aislamiento preventivo domiciliario por la emergencia sanitaria ante<\/p>\n","protected":false},"author":2,"featured_media":1709,"comment_status":"open","ping_status":"open","sticky":false,"template":"","format":"standard","meta":{"footnotes":""},"categories":[15],"tags":[],"_links":{"self":[{"href":"https:\/\/innovacionygestion.net\/index.php\/wp-json\/wp\/v2\/posts\/1708"}],"collection":[{"href":"https:\/\/innovacionygestion.net\/index.php\/wp-json\/wp\/v2\/posts"}],"about":[{"href":"https:\/\/innovacionygestion.net\/index.php\/wp-json\/wp\/v2\/types\/post"}],"author":[{"embeddable":true,"href":"https:\/\/innovacionygestion.net\/index.php\/wp-json\/wp\/v2\/users\/2"}],"replies":[{"embeddable":true,"href":"https:\/\/innovacionygestion.net\/index.php\/wp-json\/wp\/v2\/comments?post=1708"}],"version-history":[{"count":1,"href":"https:\/\/innovacionygestion.net\/index.php\/wp-json\/wp\/v2\/posts\/1708\/revisions"}],"predecessor-version":[{"id":1710,"href":"https:\/\/innovacionygestion.net\/index.php\/wp-json\/wp\/v2\/posts\/1708\/revisions\/1710"}],"wp:featuredmedia":[{"embeddable":true,"href":"https:\/\/innovacionygestion.net\/index.php\/wp-json\/wp\/v2\/media\/1709"}],"wp:attachment":[{"href":"https:\/\/innovacionygestion.net\/index.php\/wp-json\/wp\/v2\/media?parent=1708"}],"wp:term":[{"taxonomy":"category","embeddable":true,"href":"https:\/\/innovacionygestion.net\/index.php\/wp-json\/wp\/v2\/categories?post=1708"},{"taxonomy":"post_tag","embeddable":true,"href":"https:\/\/innovacionygestion.net\/index.php\/wp-json\/wp\/v2\/tags?post=1708"}],"curies":[{"name":"wp","href":"https:\/\/api.w.org\/{rel}","templated":true}]}}