{"id":1762,"date":"2020-04-17T21:56:05","date_gmt":"2020-04-18T00:56:05","guid":{"rendered":"https:\/\/innovacionygestion.net\/?p=1762"},"modified":"2020-04-17T21:56:05","modified_gmt":"2020-04-18T00:56:05","slug":"recuerdan-la-vigencia-de-la-linea-137-para-denunciar-casos-de-violencia-intrafamiliar","status":"publish","type":"post","link":"https:\/\/innovacionygestion.net\/index.php\/2020\/04\/17\/recuerdan-la-vigencia-de-la-linea-137-para-denunciar-casos-de-violencia-intrafamiliar\/","title":{"rendered":"Recuerdan la vigencia de la L\u00ednea 137 para denunciar casos de violencia intrafamiliar"},"content":{"rendered":"<p>En el marco de la Emergencia Sanitaria y Epidemiol\u00f3gica se tomaron medidas como<br \/>\nel aislamiento obligatorio para evitar el contagio. Pero en algunas casas el<br \/>\naislamiento trajo el aumento de casos de violencia dom\u00e9stica que se potencia en la<br \/>\nconvivencia con un maltratador y en donde adem\u00e1s aumenta las dificultades para<br \/>\npedir ayuda.<br \/>\nEn ese sentido, desde el Municipio se contin\u00faan atendiendo los casos m\u00e1s urgentes y<br \/>\nse trabaja de manera articulada con organismos provinciales para acompa\u00f1ar y<br \/>\nasistir a las v\u00edctimas, que en su gran mayor\u00eda son mujeres junto a sus hijos.<br \/>\nCabe destacar que el personal municipal cuenta con constantes capacitaciones para<br \/>\nabordar estos casos en \u00e9pocas de pandemia.<br \/>\nVale recordar que ante cualquier situaci\u00f3n de maltrato est\u00e1 vigente durante las 24<br \/>\nhoras la l\u00ednea gratuita 137. Asimismo, se encuentra habilitado el celular 3764-154033<br \/>\nperteneciente a la Direcci\u00f3n de Ni\u00f1os, Ni\u00f1as y Adolescentes municipal.<\/p>\n","protected":false},"excerpt":{"rendered":"<p>En el marco de la Emergencia Sanitaria y Epidemiol\u00f3gica se tomaron medidas como el aislamiento<\/p>\n","protected":false},"author":2,"featured_media":1763,"comment_status":"open","ping_status":"open","sticky":false,"template":"","format":"standard","meta":{"footnotes":""},"categories":[9],"tags":[],"_links":{"self":[{"href":"https:\/\/innovacionygestion.net\/index.php\/wp-json\/wp\/v2\/posts\/1762"}],"collection":[{"href":"https:\/\/innovacionygestion.net\/index.php\/wp-json\/wp\/v2\/posts"}],"about":[{"href":"https:\/\/innovacionygestion.net\/index.php\/wp-json\/wp\/v2\/types\/post"}],"author":[{"embeddable":true,"href":"https:\/\/innovacionygestion.net\/index.php\/wp-json\/wp\/v2\/users\/2"}],"replies":[{"embeddable":true,"href":"https:\/\/innovacionygestion.net\/index.php\/wp-json\/wp\/v2\/comments?post=1762"}],"version-history":[{"count":1,"href":"https:\/\/innovacionygestion.net\/index.php\/wp-json\/wp\/v2\/posts\/1762\/revisions"}],"predecessor-version":[{"id":1764,"href":"https:\/\/innovacionygestion.net\/index.php\/wp-json\/wp\/v2\/posts\/1762\/revisions\/1764"}],"wp:featuredmedia":[{"embeddable":true,"href":"https:\/\/innovacionygestion.net\/index.php\/wp-json\/wp\/v2\/media\/1763"}],"wp:attachment":[{"href":"https:\/\/innovacionygestion.net\/index.php\/wp-json\/wp\/v2\/media?parent=1762"}],"wp:term":[{"taxonomy":"category","embeddable":true,"href":"https:\/\/innovacionygestion.net\/index.php\/wp-json\/wp\/v2\/categories?post=1762"},{"taxonomy":"post_tag","embeddable":true,"href":"https:\/\/innovacionygestion.net\/index.php\/wp-json\/wp\/v2\/tags?post=1762"}],"curies":[{"name":"wp","href":"https:\/\/api.w.org\/{rel}","templated":true}]}}