{"id":1772,"date":"2020-04-19T20:49:46","date_gmt":"2020-04-19T23:49:46","guid":{"rendered":"https:\/\/innovacionygestion.net\/?p=1772"},"modified":"2020-04-19T20:49:46","modified_gmt":"2020-04-19T23:49:46","slug":"stelatto-dialogo-con-alberto-fernandez-por-videoconferencia","status":"publish","type":"post","link":"https:\/\/innovacionygestion.net\/index.php\/2020\/04\/19\/stelatto-dialogo-con-alberto-fernandez-por-videoconferencia\/","title":{"rendered":"Stelatto dialog\u00f3 con Alberto Fern\u00e1ndez por videoconferencia"},"content":{"rendered":"<p dir=\"ltr\">Este s\u00e1bado el intendente de la ciudad de Posadas Leonardo Stelatto mantuvo una reuni\u00f3n por videoconferencia con el presidente de la Naci\u00f3n Alberto Fern\u00e1ndez.<\/p>\n<p dir=\"ltr\">Durante el encuentro virtual en el que participaron otros intendentes del pa\u00eds, Stelatto enumer\u00f3 las tareas de prevenci\u00f3n que lleva adelante el municipio y brind\u00f3 un panorama de la situaci\u00f3n sanitaria en el marco de la pandemia del coronavirus.<\/p>\n<p dir=\"ltr\">En sinton\u00eda con la Provincia, el titular del Ejecutivo Municipal plante\u00f3 al Presidente la situaci\u00f3n de coparticipaci\u00f3n de Misiones, un pedido permanente hacia el Estado nacional de reconocimiento por las asimetr\u00edas existentes entre los recursos que se perciben y la poblaci\u00f3n y la cual afecta directamente a los municipios en un contexto de par\u00e1lisis econ\u00f3mica, teniendo en cuenta que la comuna sigue brindando servicios a pesar de la brusca ca\u00edda de la recaudaci\u00f3n.<\/p>\n<p dir=\"ltr\">Por otra parte, Stelatto solicit\u00f3 al jefe de Estado fondos para llevar adelante obras de saneamiento, fundamentales para lograr una mejora sustancial en la calidad de vida de los posade\u00f1os. En ese sentido, consider\u00f3 de vital importancia contar con obras de canalizaci\u00f3n de arroyos, agua y cloacas.<\/p>\n<p dir=\"ltr\">Luego de escuchar a los intendentes, el Primer Mandatario valor\u00f3 especialmente el rol de cada municipio y de cada gesti\u00f3n local para la contenci\u00f3n social. Tom\u00f3 nota de cada uno de los pedidos de los jefes comunales y asumi\u00f3 el compromiso de ayudar en lo que est\u00e9 al alcance del Estado.<\/p>\n<p dir=\"ltr\">Adem\u00e1s, insisti\u00f3 en la importancia de mantener la cuarentena y agradeci\u00f3 el esfuerzo de todos para lograr achicar la multiplicaci\u00f3n de contagios, \u201cestamos haciendo las cosas bien y eso nos da fuerzas para seguir actuando como lo estamos haciendo. Les pido que no bajemos los brazos\u201d afirm\u00f3.<\/p>\n","protected":false},"excerpt":{"rendered":"<p>Este s\u00e1bado el intendente de la ciudad de Posadas Leonardo Stelatto mantuvo una reuni\u00f3n por<\/p>\n","protected":false},"author":2,"featured_media":1773,"comment_status":"open","ping_status":"open","sticky":false,"template":"","format":"standard","meta":{"footnotes":""},"categories":[11],"tags":[],"_links":{"self":[{"href":"https:\/\/innovacionygestion.net\/index.php\/wp-json\/wp\/v2\/posts\/1772"}],"collection":[{"href":"https:\/\/innovacionygestion.net\/index.php\/wp-json\/wp\/v2\/posts"}],"about":[{"href":"https:\/\/innovacionygestion.net\/index.php\/wp-json\/wp\/v2\/types\/post"}],"author":[{"embeddable":true,"href":"https:\/\/innovacionygestion.net\/index.php\/wp-json\/wp\/v2\/users\/2"}],"replies":[{"embeddable":true,"href":"https:\/\/innovacionygestion.net\/index.php\/wp-json\/wp\/v2\/comments?post=1772"}],"version-history":[{"count":1,"href":"https:\/\/innovacionygestion.net\/index.php\/wp-json\/wp\/v2\/posts\/1772\/revisions"}],"predecessor-version":[{"id":1774,"href":"https:\/\/innovacionygestion.net\/index.php\/wp-json\/wp\/v2\/posts\/1772\/revisions\/1774"}],"wp:featuredmedia":[{"embeddable":true,"href":"https:\/\/innovacionygestion.net\/index.php\/wp-json\/wp\/v2\/media\/1773"}],"wp:attachment":[{"href":"https:\/\/innovacionygestion.net\/index.php\/wp-json\/wp\/v2\/media?parent=1772"}],"wp:term":[{"taxonomy":"category","embeddable":true,"href":"https:\/\/innovacionygestion.net\/index.php\/wp-json\/wp\/v2\/categories?post=1772"},{"taxonomy":"post_tag","embeddable":true,"href":"https:\/\/innovacionygestion.net\/index.php\/wp-json\/wp\/v2\/tags?post=1772"}],"curies":[{"name":"wp","href":"https:\/\/api.w.org\/{rel}","templated":true}]}}