{"id":1778,"date":"2020-04-20T07:57:34","date_gmt":"2020-04-20T10:57:34","guid":{"rendered":"https:\/\/innovacionygestion.net\/?p=1778"},"modified":"2020-04-20T07:57:34","modified_gmt":"2020-04-20T10:57:34","slug":"nutrida-afluencia-de-consumidores-recibio-esta-semana-el-mercado-concentrador-zonal-de-posadas","status":"publish","type":"post","link":"https:\/\/innovacionygestion.net\/index.php\/2020\/04\/20\/nutrida-afluencia-de-consumidores-recibio-esta-semana-el-mercado-concentrador-zonal-de-posadas\/","title":{"rendered":"Nutrida afluencia de consumidores recibi\u00f3 esta semana el Mercado Concentrador Zonal de Posadas"},"content":{"rendered":"<p class=\"x_MsoNormal\">El registro de este s\u00e1bado indic\u00f3 que concurrieron cerca de 2 mil efectivos compradores.\u00a0 El sector l\u00e1cteos mostr\u00f3 una mayor demanda en la semana.<\/p>\n<p class=\"x_MsoNormal\">La afluencia este s\u00e1bado 18 de abril marc\u00f3 el buen trabajo que vienen realizando en el Mercado Concentrador de Posadas para seguir brindando calidad y precio.<\/p>\n<p class=\"x_MsoNormal\">Adem\u00e1s, porque se mantienen estrictas medidas de prevenci\u00f3n del Dengue y Coronavirus: alcohol en gel y barbijos. A los que se suma la distancia obligatoria en las colas para adquirir los productos de las chacras misioneras, de los emprendedores.<\/p>\n<p class=\"x_MsoNormal\">Igualmente, la fumigaci\u00f3n del predio es otra de las acciones que se encuadran en las disposiciones del Gobierno Provincial por la Emergencia Sanitaria.<\/p>\n<p class=\"x_MsoNormal\">Por otra parte, el Mercado Concentrador de Ober\u00e1 tambi\u00e9n fue muy buena la demanda, con un registro que rond\u00f3 los 700 efectivos compradores, quienes concurrieron respetando las nuevas medidas de restricci\u00f3n adoptadas por ese municipio.<\/p>\n<p><img loading=\"lazy\" decoding=\"async\" class=\"alignnone size-medium wp-image-1780\" src=\"https:\/\/innovacionygestion.net\/wp-content\/uploads\/2020\/04\/5-300x174.jpeg\" alt=\"\" width=\"300\" height=\"174\" srcset=\"https:\/\/innovacionygestion.net\/wp-content\/uploads\/2020\/04\/5-300x174.jpeg 300w, https:\/\/innovacionygestion.net\/wp-content\/uploads\/2020\/04\/5-768x445.jpeg 768w, https:\/\/innovacionygestion.net\/wp-content\/uploads\/2020\/04\/5-1024x593.jpeg 1024w, https:\/\/innovacionygestion.net\/wp-content\/uploads\/2020\/04\/5.jpeg 1280w\" sizes=\"(max-width: 300px) 100vw, 300px\" \/><\/p>\n","protected":false},"excerpt":{"rendered":"<p>El registro de este s\u00e1bado indic\u00f3 que concurrieron cerca de 2 mil efectivos compradores.\u00a0 El<\/p>\n","protected":false},"author":2,"featured_media":1779,"comment_status":"open","ping_status":"open","sticky":false,"template":"","format":"standard","meta":{"footnotes":""},"categories":[2],"tags":[],"_links":{"self":[{"href":"https:\/\/innovacionygestion.net\/index.php\/wp-json\/wp\/v2\/posts\/1778"}],"collection":[{"href":"https:\/\/innovacionygestion.net\/index.php\/wp-json\/wp\/v2\/posts"}],"about":[{"href":"https:\/\/innovacionygestion.net\/index.php\/wp-json\/wp\/v2\/types\/post"}],"author":[{"embeddable":true,"href":"https:\/\/innovacionygestion.net\/index.php\/wp-json\/wp\/v2\/users\/2"}],"replies":[{"embeddable":true,"href":"https:\/\/innovacionygestion.net\/index.php\/wp-json\/wp\/v2\/comments?post=1778"}],"version-history":[{"count":1,"href":"https:\/\/innovacionygestion.net\/index.php\/wp-json\/wp\/v2\/posts\/1778\/revisions"}],"predecessor-version":[{"id":1781,"href":"https:\/\/innovacionygestion.net\/index.php\/wp-json\/wp\/v2\/posts\/1778\/revisions\/1781"}],"wp:featuredmedia":[{"embeddable":true,"href":"https:\/\/innovacionygestion.net\/index.php\/wp-json\/wp\/v2\/media\/1779"}],"wp:attachment":[{"href":"https:\/\/innovacionygestion.net\/index.php\/wp-json\/wp\/v2\/media?parent=1778"}],"wp:term":[{"taxonomy":"category","embeddable":true,"href":"https:\/\/innovacionygestion.net\/index.php\/wp-json\/wp\/v2\/categories?post=1778"},{"taxonomy":"post_tag","embeddable":true,"href":"https:\/\/innovacionygestion.net\/index.php\/wp-json\/wp\/v2\/tags?post=1778"}],"curies":[{"name":"wp","href":"https:\/\/api.w.org\/{rel}","templated":true}]}}