{"id":1920,"date":"2020-05-07T20:11:31","date_gmt":"2020-05-07T23:11:31","guid":{"rendered":"https:\/\/innovacionygestion.net\/?p=1920"},"modified":"2020-05-07T20:11:31","modified_gmt":"2020-05-07T23:11:31","slug":"agencia-universitaria-continuan-las-charlas-virtuales","status":"publish","type":"post","link":"https:\/\/innovacionygestion.net\/index.php\/2020\/05\/07\/agencia-universitaria-continuan-las-charlas-virtuales\/","title":{"rendered":"Agencia Universitaria: contin\u00faan las charlas virtuales"},"content":{"rendered":"<p dir=\"ltr\">El aislamiento social obligatorio ha obligado a nuevas maneras de relacionarnos e interactuar, es por eso que desde la Agencia Universitaria contin\u00faan proponiendo a trav\u00e9s de distintas charlas en l\u00ednea una alternativa para acompa\u00f1ar a los estudiantes posade\u00f1os.<\/p>\n<p dir=\"ltr\">Este viernes 8 de mayo a partir de las 18:30 hs estar\u00e1 disertando Marcelo Bogado, entrenador de B\u00e1squet Adaptado.<\/p>\n<p dir=\"ltr\">Adem\u00e1s se informa que funciona los lunes y martes un espacio de acompa\u00f1amiento con psicopedagogas para orientar a los estudiantes y fortalecer las t\u00e9cnicas de estudios.<\/p>\n<p dir=\"ltr\">La charla en l\u00ednea se puede visualizar a trav\u00e9s de las distintas plataformas de la Agencia en Facebook: agenciauni.posadas en Instagram @agenciauniversitariaposadas o en Twitter @agenciaunipdas.<\/p>\n","protected":false},"excerpt":{"rendered":"<p>El aislamiento social obligatorio ha obligado a nuevas maneras de relacionarnos e interactuar, es por<\/p>\n","protected":false},"author":2,"featured_media":1921,"comment_status":"open","ping_status":"open","sticky":false,"template":"","format":"standard","meta":{"footnotes":""},"categories":[2],"tags":[],"_links":{"self":[{"href":"https:\/\/innovacionygestion.net\/index.php\/wp-json\/wp\/v2\/posts\/1920"}],"collection":[{"href":"https:\/\/innovacionygestion.net\/index.php\/wp-json\/wp\/v2\/posts"}],"about":[{"href":"https:\/\/innovacionygestion.net\/index.php\/wp-json\/wp\/v2\/types\/post"}],"author":[{"embeddable":true,"href":"https:\/\/innovacionygestion.net\/index.php\/wp-json\/wp\/v2\/users\/2"}],"replies":[{"embeddable":true,"href":"https:\/\/innovacionygestion.net\/index.php\/wp-json\/wp\/v2\/comments?post=1920"}],"version-history":[{"count":1,"href":"https:\/\/innovacionygestion.net\/index.php\/wp-json\/wp\/v2\/posts\/1920\/revisions"}],"predecessor-version":[{"id":1922,"href":"https:\/\/innovacionygestion.net\/index.php\/wp-json\/wp\/v2\/posts\/1920\/revisions\/1922"}],"wp:featuredmedia":[{"embeddable":true,"href":"https:\/\/innovacionygestion.net\/index.php\/wp-json\/wp\/v2\/media\/1921"}],"wp:attachment":[{"href":"https:\/\/innovacionygestion.net\/index.php\/wp-json\/wp\/v2\/media?parent=1920"}],"wp:term":[{"taxonomy":"category","embeddable":true,"href":"https:\/\/innovacionygestion.net\/index.php\/wp-json\/wp\/v2\/categories?post=1920"},{"taxonomy":"post_tag","embeddable":true,"href":"https:\/\/innovacionygestion.net\/index.php\/wp-json\/wp\/v2\/tags?post=1920"}],"curies":[{"name":"wp","href":"https:\/\/api.w.org\/{rel}","templated":true}]}}