{"id":1923,"date":"2020-05-07T20:19:31","date_gmt":"2020-05-07T23:19:31","guid":{"rendered":"https:\/\/innovacionygestion.net\/?p=1923"},"modified":"2020-05-07T20:19:31","modified_gmt":"2020-05-07T23:19:31","slug":"atendiendo-a-la-dificil-situacion-economica-el-istu-bonifico-en-un-25-la-cuota-a-sus-alumnos","status":"publish","type":"post","link":"https:\/\/innovacionygestion.net\/index.php\/2020\/05\/07\/atendiendo-a-la-dificil-situacion-economica-el-istu-bonifico-en-un-25-la-cuota-a-sus-alumnos\/","title":{"rendered":"Atendiendo a la dif\u00edcil situaci\u00f3n econ\u00f3mica, el ISTU bonific\u00f3 en un 25 % la cuota a sus alumnos"},"content":{"rendered":"<p class=\"x_MsoNormal\"><span lang=\"ES-AR\">Ante la dif\u00edcil situaci\u00f3n social y econ\u00f3mica que se vive a partir de la pandemia del coronavirus y sus consecuencias, el Instituto Superior T\u00e9cnico Urugua-\u00ed decidi\u00f3 bonificar en un 25 por ciento el costo de la cuota para todos sus alumnos por todo el tiempo que dure el aislamiento social preventivo y obligatorio dispuesto por el Gobierno Nacional.<\/span><\/p>\n<p class=\"x_MsoNormal\"><span lang=\"ES-AR\">De esta manera, la instituci\u00f3n educativa no s\u00f3lo adhiere y cumple con la Circular N\u00b0 22 del Servicio Provincial de Ense\u00f1anza Privada de Misiones (SPEPM), que establece el congelamiento del valor de los aranceles de todos los institutos privados hasta que concluya la cuarentena obligatoria, sino que adem\u00e1s se solidariza con sus alumnos estableciendo este beneficio.<\/span><\/p>\n<p class=\"x_MsoNormal\"><span lang=\"ES-AR\">Desde el Instituto explicaron que la decisi\u00f3n adoptada surge de entender el complejo momento que se est\u00e1 viviendo en la actualidad, y se basa en la empat\u00eda con los alumnos de la instituci\u00f3n y el objetivo de que, pese a la coyuntura, todos puedan continuar sus estudios.<\/span><\/p>\n<p class=\"x_MsoNormal\"><span lang=\"ES-AR\">\u201cEl Instituto Superior T\u00e9cnico Urugua-\u00ed siempre ha mostrado predisposici\u00f3n para acompa\u00f1ar las diferentes situaciones socioecon\u00f3micas de la poblaci\u00f3n, aplicando pol\u00edticas de Responsabilidad Social interactuando con diferentes entidades de bien p\u00fablico de las comunidades donde la instituci\u00f3n se encuentra inserta\u201d, indicaron a trav\u00e9s de la Resoluci\u00f3n por la cual formalizaron la decisi\u00f3n.<\/span><\/p>\n<p class=\"x_MsoNormal\"><span lang=\"ES-AR\">Por su parte, el rector del ISTU, MSc. Cristian Fuentes, explic\u00f3 que a trav\u00e9s de las clases virtuales y el seguimiento a los alumnos, \u201cestamos cumpliendo con los contenidos pedag\u00f3gicos y los objetivos de aprendizaje correspondientes a cada carrera y cada a\u00f1o, es decir que estamos en igual condici\u00f3n que si continu\u00e1ramos con el modelo presencial\u201d.<\/span><\/p>\n<p class=\"x_MsoNormal\"><span lang=\"ES-AR\">\u201cHacemos un gran esfuerzo como instituci\u00f3n solidariz\u00e1ndonos con las necesidades de nuestra comunidad hasta que termine el periodo de cuarentena\u201d, recalc\u00f3 Fuentes, lo cual implica tambi\u00e9n un esfuerzo para el Instituto dado que independientemente de si la modalidad de estudio, los costos fijos para el establecimiento educativo se mantienen.<\/span><\/p>\n<p class=\"x_MsoNormal\"><span lang=\"ES-AR\">De esta manera, y a trav\u00e9s de clases a trav\u00e9s de plataformas virtuales educativas, el Instituto Superior T\u00e9cnico Urugua-\u00ed contin\u00faa con el dictado de las carreras de T\u00e9cnico Superior en Administraci\u00f3n de Empresas Hoteleras y Tur\u00edsticas, T\u00e9cnico Superior en Administraci\u00f3n de Recursos Humanos y T\u00e9cnico Superior en An\u00e1lisis de Sistemas Inform\u00e1ticos.<\/span><\/p>\n<p class=\"x_MsoNormal\"><span lang=\"ES-AR\">\u201cEn las tres tecnicaturas superiores est\u00e1 funcionando el cursado a pleno correspondiente a cada a\u00f1o de estudio y con el dictado de las clases de manera completa\u201d, concluy\u00f3 el rector del ISTU.<\/span><\/p>\n<p><img loading=\"lazy\" decoding=\"async\" class=\"alignnone size-medium wp-image-1925\" src=\"https:\/\/innovacionygestion.net\/wp-content\/uploads\/2020\/05\/videoclase-2-300x169.jpg\" alt=\"\" width=\"300\" height=\"169\" srcset=\"https:\/\/innovacionygestion.net\/wp-content\/uploads\/2020\/05\/videoclase-2-300x169.jpg 300w, https:\/\/innovacionygestion.net\/wp-content\/uploads\/2020\/05\/videoclase-2-768x432.jpg 768w, https:\/\/innovacionygestion.net\/wp-content\/uploads\/2020\/05\/videoclase-2-1024x576.jpg 1024w, https:\/\/innovacionygestion.net\/wp-content\/uploads\/2020\/05\/videoclase-2.jpg 1920w\" sizes=\"(max-width: 300px) 100vw, 300px\" \/><\/p>\n<p>Fuente: Gestion Comunal Misiones<\/p>\n","protected":false},"excerpt":{"rendered":"<p>Ante la dif\u00edcil situaci\u00f3n social y econ\u00f3mica que se vive a partir de la pandemia<\/p>\n","protected":false},"author":2,"featured_media":1924,"comment_status":"open","ping_status":"open","sticky":false,"template":"","format":"standard","meta":{"footnotes":""},"categories":[15,2],"tags":[],"_links":{"self":[{"href":"https:\/\/innovacionygestion.net\/index.php\/wp-json\/wp\/v2\/posts\/1923"}],"collection":[{"href":"https:\/\/innovacionygestion.net\/index.php\/wp-json\/wp\/v2\/posts"}],"about":[{"href":"https:\/\/innovacionygestion.net\/index.php\/wp-json\/wp\/v2\/types\/post"}],"author":[{"embeddable":true,"href":"https:\/\/innovacionygestion.net\/index.php\/wp-json\/wp\/v2\/users\/2"}],"replies":[{"embeddable":true,"href":"https:\/\/innovacionygestion.net\/index.php\/wp-json\/wp\/v2\/comments?post=1923"}],"version-history":[{"count":1,"href":"https:\/\/innovacionygestion.net\/index.php\/wp-json\/wp\/v2\/posts\/1923\/revisions"}],"predecessor-version":[{"id":1926,"href":"https:\/\/innovacionygestion.net\/index.php\/wp-json\/wp\/v2\/posts\/1923\/revisions\/1926"}],"wp:featuredmedia":[{"embeddable":true,"href":"https:\/\/innovacionygestion.net\/index.php\/wp-json\/wp\/v2\/media\/1924"}],"wp:attachment":[{"href":"https:\/\/innovacionygestion.net\/index.php\/wp-json\/wp\/v2\/media?parent=1923"}],"wp:term":[{"taxonomy":"category","embeddable":true,"href":"https:\/\/innovacionygestion.net\/index.php\/wp-json\/wp\/v2\/categories?post=1923"},{"taxonomy":"post_tag","embeddable":true,"href":"https:\/\/innovacionygestion.net\/index.php\/wp-json\/wp\/v2\/tags?post=1923"}],"curies":[{"name":"wp","href":"https:\/\/api.w.org\/{rel}","templated":true}]}}