{"id":2004,"date":"2020-05-25T22:11:39","date_gmt":"2020-05-26T01:11:39","guid":{"rendered":"https:\/\/innovacionygestion.net\/?p=2004"},"modified":"2020-05-25T22:11:39","modified_gmt":"2020-05-26T01:11:39","slug":"mercado-concentrador-de-posadas-gran-afluencia-de-compradores-y-todos-los-productores-presentes","status":"publish","type":"post","link":"https:\/\/innovacionygestion.net\/index.php\/2020\/05\/25\/mercado-concentrador-de-posadas-gran-afluencia-de-compradores-y-todos-los-productores-presentes\/","title":{"rendered":"Mercado Concentrador de Posadas: Gran afluencia de \u00a0compradores y todos los productores presentes"},"content":{"rendered":"<p>Fue la jornada que se vivi\u00f3 este s\u00e1bado 23 donde los efectivos compradores \u00a0desafiaron las inclemencias del tiempo y los preferidos fueron los stands de los productos frutihort\u00edcolas, anticip\u00e1ndose al tradicional locro patrio del 25 de Mayo.<br \/>\nLos productores y emprendedores siempre dan el presente en el Mercado de Posadas y esto es una garant\u00eda para quienes se abastecen all\u00ed de productos frescos, de calidad y a precios accesibles.<br \/>\nEs que las chacras misioneras est\u00e1n en condiciones de abastecer la demanda provincial con una oferta muy atractiva para la mesa familiar.<br \/>\nEl Estado misionero, a trav\u00e9s del Instituto de Fomento Agropecuario e Industriall (IFAI), mantiene una sostenida pol\u00edtica de apoyo y promoci\u00f3n al sector productivo, \u00a0con la presencia permanente en el predio capitalino del Presidente del IFAI, \u00a0Contador Marcelo Rodr\u00edguez, quien interact\u00faa con los productores y los consumidores.<br \/>\nEn el mercado Concentrador de Ober\u00e1 se ha vivido un s\u00e1bado de similares caracter\u00edsticas, donde se abastecieron de cortes populares ante el descenso de temperatura y tambi\u00e9n con los ingredientes para cocinar el tradicional &#8220;locro&#8221;<br \/>\nAdem\u00e1s, la presencia de efectivos compradores estuvo estimulada por la inauguraci\u00f3n, el pasado jueves 21, del Pabell\u00f3n de Productos Regionales y Afines. Un Pabell\u00f3n que encontr\u00f3 una gran aceptaci\u00f3n de parte de efectivos compradores y que es otra muestra de esa asistencia del IFAI a la producci\u00f3n misionera.<\/p>\n<p><img loading=\"lazy\" decoding=\"async\" class=\"alignnone size-medium wp-image-2006\" src=\"https:\/\/innovacionygestion.net\/wp-content\/uploads\/2020\/05\/1-3-300x197.jpeg\" alt=\"\" width=\"300\" height=\"197\" srcset=\"https:\/\/innovacionygestion.net\/wp-content\/uploads\/2020\/05\/1-3-300x197.jpeg 300w, https:\/\/innovacionygestion.net\/wp-content\/uploads\/2020\/05\/1-3-768x505.jpeg 768w, https:\/\/innovacionygestion.net\/wp-content\/uploads\/2020\/05\/1-3-1024x673.jpeg 1024w, https:\/\/innovacionygestion.net\/wp-content\/uploads\/2020\/05\/1-3.jpeg 1280w\" sizes=\"(max-width: 300px) 100vw, 300px\" \/><\/p>\n","protected":false},"excerpt":{"rendered":"<p>Fue la jornada que se vivi\u00f3 este s\u00e1bado 23 donde los efectivos compradores \u00a0desafiaron las<\/p>\n","protected":false},"author":2,"featured_media":2005,"comment_status":"open","ping_status":"open","sticky":false,"template":"","format":"standard","meta":{"footnotes":""},"categories":[2],"tags":[],"_links":{"self":[{"href":"https:\/\/innovacionygestion.net\/index.php\/wp-json\/wp\/v2\/posts\/2004"}],"collection":[{"href":"https:\/\/innovacionygestion.net\/index.php\/wp-json\/wp\/v2\/posts"}],"about":[{"href":"https:\/\/innovacionygestion.net\/index.php\/wp-json\/wp\/v2\/types\/post"}],"author":[{"embeddable":true,"href":"https:\/\/innovacionygestion.net\/index.php\/wp-json\/wp\/v2\/users\/2"}],"replies":[{"embeddable":true,"href":"https:\/\/innovacionygestion.net\/index.php\/wp-json\/wp\/v2\/comments?post=2004"}],"version-history":[{"count":1,"href":"https:\/\/innovacionygestion.net\/index.php\/wp-json\/wp\/v2\/posts\/2004\/revisions"}],"predecessor-version":[{"id":2007,"href":"https:\/\/innovacionygestion.net\/index.php\/wp-json\/wp\/v2\/posts\/2004\/revisions\/2007"}],"wp:featuredmedia":[{"embeddable":true,"href":"https:\/\/innovacionygestion.net\/index.php\/wp-json\/wp\/v2\/media\/2005"}],"wp:attachment":[{"href":"https:\/\/innovacionygestion.net\/index.php\/wp-json\/wp\/v2\/media?parent=2004"}],"wp:term":[{"taxonomy":"category","embeddable":true,"href":"https:\/\/innovacionygestion.net\/index.php\/wp-json\/wp\/v2\/categories?post=2004"},{"taxonomy":"post_tag","embeddable":true,"href":"https:\/\/innovacionygestion.net\/index.php\/wp-json\/wp\/v2\/tags?post=2004"}],"curies":[{"name":"wp","href":"https:\/\/api.w.org\/{rel}","templated":true}]}}