{"id":2034,"date":"2020-06-01T19:48:40","date_gmt":"2020-06-01T22:48:40","guid":{"rendered":"https:\/\/innovacionygestion.net\/?p=2034"},"modified":"2020-06-01T19:48:40","modified_gmt":"2020-06-01T22:48:40","slug":"el-instituto-de-prevision-social-de-misiones-cumple-63-anos","status":"publish","type":"post","link":"https:\/\/innovacionygestion.net\/index.php\/2020\/06\/01\/el-instituto-de-prevision-social-de-misiones-cumple-63-anos\/","title":{"rendered":"El Instituto de Previsi\u00f3n Social de Misiones cumple 63 a\u00f1os"},"content":{"rendered":"<p>Con un emotivo acto se celebr\u00f3 hoy el 63\u00ba aniversario del Instituto de Previsi\u00f3n Social de Misiones, en el que se realiz\u00f3 un reconocimiento a los empleados que cumplen 25 y 30 a\u00f1os en la instituci\u00f3n.<\/p>\n<p>El Presidente de la entidad, el Dr. Lisandro Benmaor, destac\u00f3 que, a pesar de este contexto poco habitual como ser la situaci\u00f3n mundial por el Coronavirus, &#8220;no quisimos dejar de homenajearlos destacando su entrega, m\u00e9ritos y servicios dedicados a la gran familia del IPS durante tanto tiempo por su labor cotidiana&#8221;.<\/p>\n<p>En la oportunidad estuvo presente el Vicegobernador de Misiones, Dr. Carlos Arce, quien acever\u00f3 que el organismo &#8220;ha tomado medidas que son ejemplares. Otras obras sociales del pa\u00eds se asombraron de los servicios que se brindan&#8221;, haciendo alusi\u00f3n a la vacunaci\u00f3n y entrega de medicaci\u00f3n oncol\u00f3gica a domicilio. Y destac\u00f3 la importancia de que &#8220;la salud siga funcionando para los misioneros a pesar de esta pandemia, prestigiando nuestro querido IPS.<\/p>\n<p><img loading=\"lazy\" decoding=\"async\" class=\"alignnone size-medium wp-image-2036\" src=\"https:\/\/innovacionygestion.net\/wp-content\/uploads\/2020\/06\/IMG-20200601-WA0002-300x200.jpg\" alt=\"\" width=\"300\" height=\"200\" srcset=\"https:\/\/innovacionygestion.net\/wp-content\/uploads\/2020\/06\/IMG-20200601-WA0002-300x200.jpg 300w, https:\/\/innovacionygestion.net\/wp-content\/uploads\/2020\/06\/IMG-20200601-WA0002-768x512.jpg 768w, https:\/\/innovacionygestion.net\/wp-content\/uploads\/2020\/06\/IMG-20200601-WA0002-1024x682.jpg 1024w, https:\/\/innovacionygestion.net\/wp-content\/uploads\/2020\/06\/IMG-20200601-WA0002.jpg 1280w\" sizes=\"(max-width: 300px) 100vw, 300px\" \/><\/p>\n","protected":false},"excerpt":{"rendered":"<p>Con un emotivo acto se celebr\u00f3 hoy el 63\u00ba aniversario del Instituto de Previsi\u00f3n Social<\/p>\n","protected":false},"author":2,"featured_media":2035,"comment_status":"open","ping_status":"open","sticky":false,"template":"","format":"standard","meta":{"footnotes":""},"categories":[13],"tags":[],"_links":{"self":[{"href":"https:\/\/innovacionygestion.net\/index.php\/wp-json\/wp\/v2\/posts\/2034"}],"collection":[{"href":"https:\/\/innovacionygestion.net\/index.php\/wp-json\/wp\/v2\/posts"}],"about":[{"href":"https:\/\/innovacionygestion.net\/index.php\/wp-json\/wp\/v2\/types\/post"}],"author":[{"embeddable":true,"href":"https:\/\/innovacionygestion.net\/index.php\/wp-json\/wp\/v2\/users\/2"}],"replies":[{"embeddable":true,"href":"https:\/\/innovacionygestion.net\/index.php\/wp-json\/wp\/v2\/comments?post=2034"}],"version-history":[{"count":1,"href":"https:\/\/innovacionygestion.net\/index.php\/wp-json\/wp\/v2\/posts\/2034\/revisions"}],"predecessor-version":[{"id":2037,"href":"https:\/\/innovacionygestion.net\/index.php\/wp-json\/wp\/v2\/posts\/2034\/revisions\/2037"}],"wp:featuredmedia":[{"embeddable":true,"href":"https:\/\/innovacionygestion.net\/index.php\/wp-json\/wp\/v2\/media\/2035"}],"wp:attachment":[{"href":"https:\/\/innovacionygestion.net\/index.php\/wp-json\/wp\/v2\/media?parent=2034"}],"wp:term":[{"taxonomy":"category","embeddable":true,"href":"https:\/\/innovacionygestion.net\/index.php\/wp-json\/wp\/v2\/categories?post=2034"},{"taxonomy":"post_tag","embeddable":true,"href":"https:\/\/innovacionygestion.net\/index.php\/wp-json\/wp\/v2\/tags?post=2034"}],"curies":[{"name":"wp","href":"https:\/\/api.w.org\/{rel}","templated":true}]}}