{"id":2081,"date":"2020-06-14T22:36:59","date_gmt":"2020-06-15T01:36:59","guid":{"rendered":"https:\/\/innovacionygestion.net\/?p=2081"},"modified":"2020-06-14T22:36:59","modified_gmt":"2020-06-15T01:36:59","slug":"facultad-de-ciencias-economicas-universidad-nacional-de-misiones","status":"publish","type":"post","link":"https:\/\/innovacionygestion.net\/index.php\/2020\/06\/14\/facultad-de-ciencias-economicas-universidad-nacional-de-misiones\/","title":{"rendered":"Facultad de Ciencias Econ\u00f3micas &#8211; Universidad Nacional de Misiones"},"content":{"rendered":"<div class=\"u_1i4cgxx7ru _5eit y_1i4cgx-l8p clearfix\">\n<div class=\"clearfix c_1i4cgxx617\">\n<div class=\"clearfix _42ef\">\n<div class=\"l_1i4cgxx614\">\n<div>\n<div class=\"_6a _5u5j\">\n<div class=\"_6a _5u5j _6b\">\n<div id=\"feed_subtitle_204199046430886:-6746366902478653785\" class=\"_5pcp _5lel _2jyu _232_\" data-testid=\"story-subtitle\">Con profundo dolor lamentamos comunicar a toda la comunidad universitaria el fallecimiento de la Contadora Myriam Mabel Beretta, Decana y docente de la Facultad de Ciencias Econ\u00f3micas de la Universidad Nacional de Misiones. Expresamos nuestras m\u00e1s sinceras condolencias por la p\u00e9rdida a sus familiares y seres queridos, acompa\u00f1amos en tan doloroso momento, rogando por el eterno descanso de su alma.<\/div>\n<\/div>\n<\/div>\n<\/div>\n<\/div>\n<\/div>\n<\/div>\n<\/div>\n<div id=\"js_g\" class=\"_5pbx userContent _3576\" data-testid=\"post_message\" data-ft=\"{&quot;tn&quot;:&quot;K&quot;}\">\n<div id=\"id_5ee6cac2cbbdd1f49841839\" class=\"text_exposed_root text_exposed\">\n<p>Hoy la familia de la FCE despide con tristeza a su Decana, Profesora, Graduada,\u00a0<span class=\"text_exposed_show\">y sobre todo amiga. Recordando cada momento que hemos pasado junto a Myriam, su trabajo y esmero en pos del crecimiento de nuestra casa, y por el cari\u00f1o que siempre ha demostrado por la instituci\u00f3n.<\/span><\/p>\n<div class=\"text_exposed_show\">\n<p>Myriam Mabel Beretta<br \/>\nQEPD<\/p>\n<p>&#8212;&#8212;&#8212;<br \/>\nEstamos a la espera del protocolo de la realizaci\u00f3n del sepelio, toda novedad ser\u00e1 comunicada por los medios de comunicaci\u00f3n oficiales.<\/p>\n<p>Firma: Vicedecano Juan Dip; secretarios; consejeros directivos; docentes; personal no docente; alumnos; graduados y toda la comunidad de la FCE<\/p>\n<\/div>\n<\/div>\n<\/div>\n","protected":false},"excerpt":{"rendered":"<p>Con profundo dolor lamentamos comunicar a toda la comunidad universitaria el fallecimiento de la Contadora<\/p>\n","protected":false},"author":2,"featured_media":2082,"comment_status":"open","ping_status":"open","sticky":false,"template":"","format":"standard","meta":{"footnotes":""},"categories":[15,9],"tags":[],"_links":{"self":[{"href":"https:\/\/innovacionygestion.net\/index.php\/wp-json\/wp\/v2\/posts\/2081"}],"collection":[{"href":"https:\/\/innovacionygestion.net\/index.php\/wp-json\/wp\/v2\/posts"}],"about":[{"href":"https:\/\/innovacionygestion.net\/index.php\/wp-json\/wp\/v2\/types\/post"}],"author":[{"embeddable":true,"href":"https:\/\/innovacionygestion.net\/index.php\/wp-json\/wp\/v2\/users\/2"}],"replies":[{"embeddable":true,"href":"https:\/\/innovacionygestion.net\/index.php\/wp-json\/wp\/v2\/comments?post=2081"}],"version-history":[{"count":1,"href":"https:\/\/innovacionygestion.net\/index.php\/wp-json\/wp\/v2\/posts\/2081\/revisions"}],"predecessor-version":[{"id":2083,"href":"https:\/\/innovacionygestion.net\/index.php\/wp-json\/wp\/v2\/posts\/2081\/revisions\/2083"}],"wp:featuredmedia":[{"embeddable":true,"href":"https:\/\/innovacionygestion.net\/index.php\/wp-json\/wp\/v2\/media\/2082"}],"wp:attachment":[{"href":"https:\/\/innovacionygestion.net\/index.php\/wp-json\/wp\/v2\/media?parent=2081"}],"wp:term":[{"taxonomy":"category","embeddable":true,"href":"https:\/\/innovacionygestion.net\/index.php\/wp-json\/wp\/v2\/categories?post=2081"},{"taxonomy":"post_tag","embeddable":true,"href":"https:\/\/innovacionygestion.net\/index.php\/wp-json\/wp\/v2\/tags?post=2081"}],"curies":[{"name":"wp","href":"https:\/\/api.w.org\/{rel}","templated":true}]}}