{"id":22,"date":"2019-10-04T15:23:30","date_gmt":"2019-10-04T18:23:30","guid":{"rendered":"https:\/\/innovacionygestion.net\/?p=22"},"modified":"2019-10-04T15:23:30","modified_gmt":"2019-10-04T18:23:30","slug":"flores-a-los-chanchos-en-buenos-aires","status":"publish","type":"post","link":"https:\/\/innovacionygestion.net\/index.php\/2019\/10\/04\/flores-a-los-chanchos-en-buenos-aires\/","title":{"rendered":"Flores a los Chanchos en Buenos Aires"},"content":{"rendered":"<p>El s\u00e1bado 28 de septiembre desde las 23.00 horas, Flores a los Chanchos subir\u00e1 al escenario de Makena Cantina Club de Palermo (Fitz Roy 1519, Capital Federal) junto a la Orquesta Animal.<!--more--><\/p>\n<p>Flores a los Chanchos invita a todos sus amigos a sumarse a la gran fiesta en la que presentar\u00e1n canciones de sus discos El Ritmo Popular, Populares 20 y Margaritas Ponzo\u00f1osas.<\/p>\n<p>En Spotify<\/p>\n<p>Todo el material discogr\u00e1fico de Flores a los Chanchos est\u00e1 disponible en Spotify, I Tunes y veinte tiendas virtuales.<\/p>\n<p>Sobre la banda<\/p>\n<p>Creada en 2011 en Posadas, Misiones, Argentina, Flores a los Chanchos est\u00e1 integrada por Daniel Carena (voz), Marcelo Kuczek (guitarra, cavaco y coros), Mat\u00edas Franco Meza (bajo y coros), Alejandro Nanio (saxo tenor y saxo alto), Fernando Solis (bater\u00eda) y Dani M\u00e9ndez (guitarra).<\/p>\n","protected":false},"excerpt":{"rendered":"<p>El s\u00e1bado 28 de septiembre desde las 23.00 horas, Flores a los Chanchos subir\u00e1 al<\/p>\n","protected":false},"author":1,"featured_media":23,"comment_status":"open","ping_status":"open","sticky":false,"template":"","format":"standard","meta":{"footnotes":""},"categories":[6,3],"tags":[],"_links":{"self":[{"href":"https:\/\/innovacionygestion.net\/index.php\/wp-json\/wp\/v2\/posts\/22"}],"collection":[{"href":"https:\/\/innovacionygestion.net\/index.php\/wp-json\/wp\/v2\/posts"}],"about":[{"href":"https:\/\/innovacionygestion.net\/index.php\/wp-json\/wp\/v2\/types\/post"}],"author":[{"embeddable":true,"href":"https:\/\/innovacionygestion.net\/index.php\/wp-json\/wp\/v2\/users\/1"}],"replies":[{"embeddable":true,"href":"https:\/\/innovacionygestion.net\/index.php\/wp-json\/wp\/v2\/comments?post=22"}],"version-history":[{"count":1,"href":"https:\/\/innovacionygestion.net\/index.php\/wp-json\/wp\/v2\/posts\/22\/revisions"}],"predecessor-version":[{"id":24,"href":"https:\/\/innovacionygestion.net\/index.php\/wp-json\/wp\/v2\/posts\/22\/revisions\/24"}],"wp:featuredmedia":[{"embeddable":true,"href":"https:\/\/innovacionygestion.net\/index.php\/wp-json\/wp\/v2\/media\/23"}],"wp:attachment":[{"href":"https:\/\/innovacionygestion.net\/index.php\/wp-json\/wp\/v2\/media?parent=22"}],"wp:term":[{"taxonomy":"category","embeddable":true,"href":"https:\/\/innovacionygestion.net\/index.php\/wp-json\/wp\/v2\/categories?post=22"},{"taxonomy":"post_tag","embeddable":true,"href":"https:\/\/innovacionygestion.net\/index.php\/wp-json\/wp\/v2\/tags?post=22"}],"curies":[{"name":"wp","href":"https:\/\/api.w.org\/{rel}","templated":true}]}}