{"id":2293,"date":"2020-07-29T11:48:13","date_gmt":"2020-07-29T14:48:13","guid":{"rendered":"https:\/\/innovacionygestion.net\/?p=2293"},"modified":"2020-07-29T11:48:13","modified_gmt":"2020-07-29T14:48:13","slug":"el-presidente-del-ifai-mantuvo-reuniones-con-productores-en-colonia-delicia-para-evaluar-el-potencial-productivo","status":"publish","type":"post","link":"https:\/\/innovacionygestion.net\/index.php\/2020\/07\/29\/el-presidente-del-ifai-mantuvo-reuniones-con-productores-en-colonia-delicia-para-evaluar-el-potencial-productivo\/","title":{"rendered":"El presidente del IFAI mantuvo reuniones con productores en Colonia Delicia \u00a0para evaluar el potencial productivo"},"content":{"rendered":"<div dir=\"auto\">Productores del municipio de Colonia Delicia tuvieron la oportunidad este martes de mostrar sus actividades de campo al Presidente del Instituto de Fomento Agropecuario e Industrial (IFAI) contador Marcelo Rodr\u00edguez.\u00a0 Gran parte de \u00a0la producci\u00f3n del municipio est\u00e1 dedicada a la actividad av\u00edcola \u2013 ganadera, cr\u00eda de cerdos y tambi\u00e9n a la frutihorticultura.<\/div>\n<div dir=\"auto\">La agenda de reuniones por el Norte provincial del titular del IFAI, junto al Intendente Local Roberto Carlos Wern y el Secretario de la Producci\u00f3n de ese municipio, Jos\u00e9 Ben\u00edtez incluy\u00f3 recorridas por la zona de parajes y colonias.<\/div>\n<div dir=\"auto\">En \u00a0el paraje Yacutynga se interiorizaron de la producci\u00f3n de Olga Diesel quien elabora \u00a0az\u00facar mascabo.<\/div>\n<div dir=\"auto\">Tambi\u00e9n visitaron la chacra de Liliana Melgarejo y Albino Mart\u00ednez productores frutihort\u00edcolas. Continuaron la recorrida en ese paraje para \u00a0observar la actividad de Guillermo Angermaier \u00a0quien ha diversificado su producci\u00f3n con ganado, pollos, cerdos, adem\u00e1s de dedicarse a la frutihorticultura.<\/div>\n<div dir=\"auto\">El presidente del IFAI, una vez m\u00e1s, busca este acercamiento del productor con el Estado para conocer las necesidades del colono y analizar las posibilidades de mejorar el rendimiento en volumen y calidad.<\/div>\n<div dir=\"auto\">Adem\u00e1s, de este modo, se puede planificar con los mismos productores el apoyo t\u00e9cnico que requieren y se los orienta a evaluar l\u00edneas de financiamiento a tasa subsidiada.<\/div>\n<div dir=\"auto\">Estas acciones forman parte de las pol\u00edticas del Gobierno provincial tendientes a promover al sector productivo de Misiones.<\/div>\n<div dir=\"auto\"><img loading=\"lazy\" decoding=\"async\" class=\"alignnone size-medium wp-image-2297\" src=\"https:\/\/innovacionygestion.net\/wp-content\/uploads\/2020\/07\/ifai-2-300x169.jpg\" alt=\"\" width=\"300\" height=\"169\" srcset=\"https:\/\/innovacionygestion.net\/wp-content\/uploads\/2020\/07\/ifai-2-300x169.jpg 300w, https:\/\/innovacionygestion.net\/wp-content\/uploads\/2020\/07\/ifai-2.jpg 360w\" sizes=\"(max-width: 300px) 100vw, 300px\" \/><\/div>\n","protected":false},"excerpt":{"rendered":"<p>Productores del municipio de Colonia Delicia tuvieron la oportunidad este martes de mostrar sus actividades<\/p>\n","protected":false},"author":2,"featured_media":2296,"comment_status":"open","ping_status":"open","sticky":false,"template":"","format":"standard","meta":{"footnotes":""},"categories":[14,18],"tags":[],"_links":{"self":[{"href":"https:\/\/innovacionygestion.net\/index.php\/wp-json\/wp\/v2\/posts\/2293"}],"collection":[{"href":"https:\/\/innovacionygestion.net\/index.php\/wp-json\/wp\/v2\/posts"}],"about":[{"href":"https:\/\/innovacionygestion.net\/index.php\/wp-json\/wp\/v2\/types\/post"}],"author":[{"embeddable":true,"href":"https:\/\/innovacionygestion.net\/index.php\/wp-json\/wp\/v2\/users\/2"}],"replies":[{"embeddable":true,"href":"https:\/\/innovacionygestion.net\/index.php\/wp-json\/wp\/v2\/comments?post=2293"}],"version-history":[{"count":1,"href":"https:\/\/innovacionygestion.net\/index.php\/wp-json\/wp\/v2\/posts\/2293\/revisions"}],"predecessor-version":[{"id":2298,"href":"https:\/\/innovacionygestion.net\/index.php\/wp-json\/wp\/v2\/posts\/2293\/revisions\/2298"}],"wp:featuredmedia":[{"embeddable":true,"href":"https:\/\/innovacionygestion.net\/index.php\/wp-json\/wp\/v2\/media\/2296"}],"wp:attachment":[{"href":"https:\/\/innovacionygestion.net\/index.php\/wp-json\/wp\/v2\/media?parent=2293"}],"wp:term":[{"taxonomy":"category","embeddable":true,"href":"https:\/\/innovacionygestion.net\/index.php\/wp-json\/wp\/v2\/categories?post=2293"},{"taxonomy":"post_tag","embeddable":true,"href":"https:\/\/innovacionygestion.net\/index.php\/wp-json\/wp\/v2\/tags?post=2293"}],"curies":[{"name":"wp","href":"https:\/\/api.w.org\/{rel}","templated":true}]}}