{"id":2322,"date":"2020-08-01T21:16:01","date_gmt":"2020-08-02T00:16:01","guid":{"rendered":"https:\/\/innovacionygestion.net\/?p=2322"},"modified":"2020-08-01T21:16:01","modified_gmt":"2020-08-02T00:16:01","slug":"ifai-entrego-alimentos-balanceados-a-productores-ovinos-y-caprinos-de-fachinal","status":"publish","type":"post","link":"https:\/\/innovacionygestion.net\/index.php\/2020\/08\/01\/ifai-entrego-alimentos-balanceados-a-productores-ovinos-y-caprinos-de-fachinal\/","title":{"rendered":"IFAI entreg\u00f3 alimentos balanceados a productores ovinos y caprinos de Fachinal"},"content":{"rendered":"<div dir=\"auto\">Unos 30 productores beneficiados con la asistencia del estado \u00a0se distribuyeron 120 paquetes de alfalfa de 25 kg cada uno. Tambi\u00e9n 89 bolsas de ma\u00edz entero y 89 bolsas de ma\u00edz molido de 20 kg cada uno. La ayuda con alimentos balanceados se debe a pedidos de los productores ante la seca de pastura que provocaron las heladas. Adem\u00e1s recibieron alambres electro boyero.<\/div>\n<div dir=\"auto\">Previo a la entrega, los productores mantuvieron una reuni\u00f3n con el Presidente del Instituto de Fomento Agropecuario e Industrial, (IFAI) Marcelo Rodr\u00edguez, quien estuvo acompa\u00f1ado \u00a0del Intendente de dicho municipio, Miguel Ben\u00edtez, el Ing. Cesar Niklas Gerente de proyectos del IFAI, entre otros.<\/div>\n<div dir=\"auto\">Durante la charla que se realiz\u00f3 en la sede municipal se analizaron la situaci\u00f3n actual de la producci\u00f3n y las planificaciones para el sector que a\u00fan no se pudieron ejecutar \u00a0debido al parate que provoc\u00f3 la pandemia.\u00a0 El objetivo es aumentar la cantidad de cabezas en la cuenca ovino-caprino. En ese sentido analizaron la posibilidad de traer madres \u00a0y reproductor para mejorar la gen\u00e9tica.<\/div>\n<div dir=\"auto\">Los productores agradecieron la decisi\u00f3n del gobierno de ayudar con los alimentos balanceados ya que gran parte de la zona qued\u00f3 sin pastura por los efectos de las intensas heladas registradas en los \u00faltimos d\u00edas.<\/div>\n<div dir=\"auto\">El caso de Marcos Klym, que actualmente cuenta con un lote de 65 madres, indic\u00f3 que \u00a0&#8220;la reuni\u00f3n fue muy buena y que a pesar del momento dif\u00edcil de la pandemia se esta planificando -productor y estado- avanzar en la mejora de la gen\u00e9tica y ampliar la cantidad de animales&#8221;<\/div>\n<div dir=\"auto\"><\/div>\n","protected":false},"excerpt":{"rendered":"<p>Unos 30 productores beneficiados con la asistencia del estado \u00a0se distribuyeron 120 paquetes de alfalfa<\/p>\n","protected":false},"author":2,"featured_media":2325,"comment_status":"open","ping_status":"open","sticky":false,"template":"","format":"standard","meta":{"footnotes":""},"categories":[18],"tags":[],"_links":{"self":[{"href":"https:\/\/innovacionygestion.net\/index.php\/wp-json\/wp\/v2\/posts\/2322"}],"collection":[{"href":"https:\/\/innovacionygestion.net\/index.php\/wp-json\/wp\/v2\/posts"}],"about":[{"href":"https:\/\/innovacionygestion.net\/index.php\/wp-json\/wp\/v2\/types\/post"}],"author":[{"embeddable":true,"href":"https:\/\/innovacionygestion.net\/index.php\/wp-json\/wp\/v2\/users\/2"}],"replies":[{"embeddable":true,"href":"https:\/\/innovacionygestion.net\/index.php\/wp-json\/wp\/v2\/comments?post=2322"}],"version-history":[{"count":1,"href":"https:\/\/innovacionygestion.net\/index.php\/wp-json\/wp\/v2\/posts\/2322\/revisions"}],"predecessor-version":[{"id":2326,"href":"https:\/\/innovacionygestion.net\/index.php\/wp-json\/wp\/v2\/posts\/2322\/revisions\/2326"}],"wp:featuredmedia":[{"embeddable":true,"href":"https:\/\/innovacionygestion.net\/index.php\/wp-json\/wp\/v2\/media\/2325"}],"wp:attachment":[{"href":"https:\/\/innovacionygestion.net\/index.php\/wp-json\/wp\/v2\/media?parent=2322"}],"wp:term":[{"taxonomy":"category","embeddable":true,"href":"https:\/\/innovacionygestion.net\/index.php\/wp-json\/wp\/v2\/categories?post=2322"},{"taxonomy":"post_tag","embeddable":true,"href":"https:\/\/innovacionygestion.net\/index.php\/wp-json\/wp\/v2\/tags?post=2322"}],"curies":[{"name":"wp","href":"https:\/\/api.w.org\/{rel}","templated":true}]}}