{"id":2347,"date":"2020-08-06T10:29:12","date_gmt":"2020-08-06T13:29:12","guid":{"rendered":"https:\/\/innovacionygestion.net\/?p=2347"},"modified":"2020-08-06T10:29:12","modified_gmt":"2020-08-06T13:29:12","slug":"continuan-las-reuniones-con-productores-de-la-zona-norte","status":"publish","type":"post","link":"https:\/\/innovacionygestion.net\/index.php\/2020\/08\/06\/continuan-las-reuniones-con-productores-de-la-zona-norte\/","title":{"rendered":"Contin\u00faan las reuniones con productores de la zona norte."},"content":{"rendered":"<div dir=\"auto\">La recorrida por las chacras se realiz\u00f3 este martes encabezado por el Presidente del Instituto de Fomento Agropecuario e Industrial, Contador Marcelo Rodr\u00edguez, el Intendente del 9 de julio, Rub\u00e9n Kobler y el T\u00e9cnico de la Secretaria de Agricultura Familiar de la Naci\u00f3n, Raul Gonz\u00e1lez.<\/div>\n<div dir=\"auto\">Los funcionarios iniciaron las reuniones en la chacra de Cristina Canteros productora de huevos y hortalizas. \u00a0 Continu\u00f3 en la Chacra de Karin Friedenberger, productora ovina y finaliz\u00f3 en la propiedad de Omar \u00a0Fechner productor de cerdo.<\/div>\n<div dir=\"auto\">&#8220;El Trabajo en territorio junto al productor es una bandera que izamos todos los d\u00edas&#8221; se\u00f1al\u00f3 el titular del IFAI y destac\u00f3 &#8220;los colonos est\u00e1n muy contentos con esta metodolog\u00eda de trabajo donde pueden contarnos sus realidades y verdaderas necesidades&#8221;<\/div>\n<div dir=\"auto\"><\/div>\n","protected":false},"excerpt":{"rendered":"<p>La recorrida por las chacras se realiz\u00f3 este martes encabezado por el Presidente del Instituto<\/p>\n","protected":false},"author":2,"featured_media":2349,"comment_status":"open","ping_status":"open","sticky":false,"template":"","format":"standard","meta":{"footnotes":""},"categories":[14],"tags":[],"_links":{"self":[{"href":"https:\/\/innovacionygestion.net\/index.php\/wp-json\/wp\/v2\/posts\/2347"}],"collection":[{"href":"https:\/\/innovacionygestion.net\/index.php\/wp-json\/wp\/v2\/posts"}],"about":[{"href":"https:\/\/innovacionygestion.net\/index.php\/wp-json\/wp\/v2\/types\/post"}],"author":[{"embeddable":true,"href":"https:\/\/innovacionygestion.net\/index.php\/wp-json\/wp\/v2\/users\/2"}],"replies":[{"embeddable":true,"href":"https:\/\/innovacionygestion.net\/index.php\/wp-json\/wp\/v2\/comments?post=2347"}],"version-history":[{"count":1,"href":"https:\/\/innovacionygestion.net\/index.php\/wp-json\/wp\/v2\/posts\/2347\/revisions"}],"predecessor-version":[{"id":2350,"href":"https:\/\/innovacionygestion.net\/index.php\/wp-json\/wp\/v2\/posts\/2347\/revisions\/2350"}],"wp:featuredmedia":[{"embeddable":true,"href":"https:\/\/innovacionygestion.net\/index.php\/wp-json\/wp\/v2\/media\/2349"}],"wp:attachment":[{"href":"https:\/\/innovacionygestion.net\/index.php\/wp-json\/wp\/v2\/media?parent=2347"}],"wp:term":[{"taxonomy":"category","embeddable":true,"href":"https:\/\/innovacionygestion.net\/index.php\/wp-json\/wp\/v2\/categories?post=2347"},{"taxonomy":"post_tag","embeddable":true,"href":"https:\/\/innovacionygestion.net\/index.php\/wp-json\/wp\/v2\/tags?post=2347"}],"curies":[{"name":"wp","href":"https:\/\/api.w.org\/{rel}","templated":true}]}}