{"id":2377,"date":"2020-08-11T21:39:24","date_gmt":"2020-08-12T00:39:24","guid":{"rendered":"https:\/\/innovacionygestion.net\/?p=2377"},"modified":"2020-08-11T21:39:24","modified_gmt":"2020-08-12T00:39:24","slug":"productores-avicolas-se-incorporaron-con-produccion-de-pollos-misioneros-al-mercado-concentrador-zonal-de-posadas","status":"publish","type":"post","link":"https:\/\/innovacionygestion.net\/index.php\/2020\/08\/11\/productores-avicolas-se-incorporaron-con-produccion-de-pollos-misioneros-al-mercado-concentrador-zonal-de-posadas\/","title":{"rendered":"Productores av\u00edcolas se incorporaron con \u00a0producci\u00f3n de \u201cpollos misioneros\u201d al Mercado Concentrador Zonal de Posadas"},"content":{"rendered":"<p>Se trata de la Cooperativas \u201cAguas Vivas Limitada\u201d de 25 de Mayo que ofrece producci\u00f3n de \u201cpollos estilo casero\u201d.\u00a0 Se trata de un pollo criado a ma\u00edz que garantiza una carne tan sabrosa como saludable. El proceso de cr\u00eda y engorde tarda 45 d\u00edas para su consumo, explica Pablo Javier Sochig.<\/p>\n<p>Desde el pasado martes \u00a04 de agosto comenzaron a comercializar su producci\u00f3n \u00a0luego \u00a0de una gesti\u00f3n del \u00a0Mercado Concentrador y del IFAI que cedieron un box en el Sector de Productos C\u00e1rnicos. Adem\u00e1s, contaron con la colaboraci\u00f3n del Subsecretario \u00a0de Producci\u00f3n Animal del Ministerio del Agro, Sebasti\u00e1n Rodr\u00edguez.<\/p>\n<p>Sochig dijo que son 9 los productores av\u00edcolas que integran la Cooperativa. Actualmente cuentan con un galp\u00f3n de 3 mil pollitos para seguir abasteciendo al Mercado.\u00a0 A\u00f1ade el productor que han encontrado muy buen recibimiento de parte de los efectivos compradores del mercado Concentrador de Posadas.<\/p>\n<p>Y buscan hacer sus ofertas con precios accesibles: pollo entero, que pasa aproximadamente 2 Kg \u00a0y medio, tiene un precio por kilo de $ 110 al igual que la pata muslo y alitas $ 125; panceta $ 100; coraz\u00f3n $170; milanesa $ 230 y suprema $235.<\/p>\n<p><img loading=\"lazy\" decoding=\"async\" class=\"alignnone size-medium wp-image-2379\" src=\"https:\/\/innovacionygestion.net\/wp-content\/uploads\/2020\/08\/IFAI-2-300x169.jpg\" alt=\"\" width=\"300\" height=\"169\" srcset=\"https:\/\/innovacionygestion.net\/wp-content\/uploads\/2020\/08\/IFAI-2-300x169.jpg 300w, https:\/\/innovacionygestion.net\/wp-content\/uploads\/2020\/08\/IFAI-2-768x432.jpg 768w, https:\/\/innovacionygestion.net\/wp-content\/uploads\/2020\/08\/IFAI-2-1024x576.jpg 1024w, https:\/\/innovacionygestion.net\/wp-content\/uploads\/2020\/08\/IFAI-2.jpg 1920w\" sizes=\"(max-width: 300px) 100vw, 300px\" \/><\/p>\n","protected":false},"excerpt":{"rendered":"<p>Se trata de la Cooperativas \u201cAguas Vivas Limitada\u201d de 25 de Mayo que ofrece producci\u00f3n<\/p>\n","protected":false},"author":2,"featured_media":2378,"comment_status":"open","ping_status":"open","sticky":false,"template":"","format":"standard","meta":{"footnotes":""},"categories":[16],"tags":[],"_links":{"self":[{"href":"https:\/\/innovacionygestion.net\/index.php\/wp-json\/wp\/v2\/posts\/2377"}],"collection":[{"href":"https:\/\/innovacionygestion.net\/index.php\/wp-json\/wp\/v2\/posts"}],"about":[{"href":"https:\/\/innovacionygestion.net\/index.php\/wp-json\/wp\/v2\/types\/post"}],"author":[{"embeddable":true,"href":"https:\/\/innovacionygestion.net\/index.php\/wp-json\/wp\/v2\/users\/2"}],"replies":[{"embeddable":true,"href":"https:\/\/innovacionygestion.net\/index.php\/wp-json\/wp\/v2\/comments?post=2377"}],"version-history":[{"count":1,"href":"https:\/\/innovacionygestion.net\/index.php\/wp-json\/wp\/v2\/posts\/2377\/revisions"}],"predecessor-version":[{"id":2380,"href":"https:\/\/innovacionygestion.net\/index.php\/wp-json\/wp\/v2\/posts\/2377\/revisions\/2380"}],"wp:featuredmedia":[{"embeddable":true,"href":"https:\/\/innovacionygestion.net\/index.php\/wp-json\/wp\/v2\/media\/2378"}],"wp:attachment":[{"href":"https:\/\/innovacionygestion.net\/index.php\/wp-json\/wp\/v2\/media?parent=2377"}],"wp:term":[{"taxonomy":"category","embeddable":true,"href":"https:\/\/innovacionygestion.net\/index.php\/wp-json\/wp\/v2\/categories?post=2377"},{"taxonomy":"post_tag","embeddable":true,"href":"https:\/\/innovacionygestion.net\/index.php\/wp-json\/wp\/v2\/tags?post=2377"}],"curies":[{"name":"wp","href":"https:\/\/api.w.org\/{rel}","templated":true}]}}