{"id":2465,"date":"2020-09-02T08:27:49","date_gmt":"2020-09-02T11:27:49","guid":{"rendered":"https:\/\/innovacionygestion.net\/?p=2465"},"modified":"2020-09-02T08:27:49","modified_gmt":"2020-09-02T11:27:49","slug":"damian-di-pace-brindara-chara-virtual-tendencias-pymes-en-el-mercado-pandemia-y-post-pandemia","status":"publish","type":"post","link":"https:\/\/innovacionygestion.net\/index.php\/2020\/09\/02\/damian-di-pace-brindara-chara-virtual-tendencias-pymes-en-el-mercado-pandemia-y-post-pandemia\/","title":{"rendered":"Dami\u00e1n Di Pace brindar\u00e1 chara virtual \u201cTendencias Pymes en el Mercado Pandemia y Post Pandemia\u201d"},"content":{"rendered":"<p>Dami\u00e1n Di Pace, reconocido periodista formado en marketing y econom\u00eda, especialista en mercados, consumo y comercio brindar\u00e1 una charla online sobre Tendencias Pymes en el Mercado Pandemia y Post Pandemia, a realizarse el d\u00eda jueves 17 de septiembre, a las 19.30hs, v\u00eda YouTube Live.<\/p>\n<p>El encuentro virtual destinado a comerciantes, empresarios, emprendedores de nuestra provincia es organizado por la Asociaci\u00f3n Misionera de Marketing y cuenta con el acompa\u00f1amiento de la Confederaci\u00f3n Argentina de Mediana Empresa (Came) y de la Confederaci\u00f3n Econ\u00f3mica de Misiones (CEM).<\/p>\n<p>Los interesados en participar deber\u00e1n inscribirse por WhatsApp al tel\u00e9fono 3764 724892.<\/p>\n<p>Ejes de la charla<\/p>\n<p>Interrogantes tales como: \u00bfc\u00f3mo ser\u00e1 el consumo en la econom\u00eda post pandemia?, \u00bfC\u00f3mo influir\u00e1n las 60 medidas del Gobierno en la econom\u00eda de a pie?; en un contexto de ahogo, \u00bfhay ox\u00edgeno para el sector privado?, \u00bfHay programas innovadores para peque\u00f1as empresas o comercios no esenciales?, \u00bfCu\u00e1les son las reformas necesarias para que veamos una luz al final del t\u00fanel?, \u00bfC\u00f3mo aprovechar el impulso de algunas industrias regionales?, \u00bfDesaparecer\u00e1n los comercios f\u00edsicos y ser\u00e1n reemplazados por tiendas virtuales?, \u00bfSe recuperar\u00e1 el nivel de empleo a valores de la pre pandemia?, \u00bfCu\u00e1les son las proyecciones macro y microecon\u00f3micas?, \u00bfCu\u00e1l es la perspectiva de evoluci\u00f3n de la demanda con el coronavirus?, \u00bfQu\u00e9 cambios sociales y culturales se esperan post-coronavirus?, \u00bfC\u00f3mo deberemos adaptar la oferta en la \u201cnueva normalidad\u201d?, \u00bfC\u00f3mo podr\u00eda comportarse la demanda en ese contexto?, entre otros, ser\u00e1n respondidos por Di Pace a fin de brindar a los asistentes un panorama un poco m\u00e1s claro sobre el futuro de la econom\u00eda y el comercio, especialmente, en nuestra provincia.<\/p>\n<p>Perfil del disertante<\/p>\n<p>El reconocido periodista Dami\u00e1n Di Pace es autor de varios libros como \u201cEconom\u00eda Pyme \u2013 Pensar en Grande siendo Peque\u00f1os\u201d, \u201cMarketing Extraordinario &#8211; El lado oculto y futuro de los mercados\u201d, \u201cEl Futuro del Comercio Minorista en Argentina\u201d y su \u00faltima obra \u201cEconom\u00eda de a Pie\u201d \u2013 abordar\u00e1 ideas acerca de los desaf\u00edos que se presentan hoy y en la post pandemia, la importancia que adquirieron herramientas y servicios como el comercio electr\u00f3nico, el desarrollo de software y los servicios de env\u00edos y la revalorizaci\u00f3n que experimentan los comercios de cercan\u00eda, entre otros.<\/p>\n<p><img loading=\"lazy\" decoding=\"async\" class=\"alignnone size-medium wp-image-2467\" src=\"https:\/\/innovacionygestion.net\/wp-content\/uploads\/2020\/09\/DI-PACE-2-300x300.jpg\" alt=\"\" width=\"300\" height=\"300\" srcset=\"https:\/\/innovacionygestion.net\/wp-content\/uploads\/2020\/09\/DI-PACE-2-300x300.jpg 300w, https:\/\/innovacionygestion.net\/wp-content\/uploads\/2020\/09\/DI-PACE-2-150x150.jpg 150w, https:\/\/innovacionygestion.net\/wp-content\/uploads\/2020\/09\/DI-PACE-2-768x768.jpg 768w, https:\/\/innovacionygestion.net\/wp-content\/uploads\/2020\/09\/DI-PACE-2.jpg 1024w, https:\/\/innovacionygestion.net\/wp-content\/uploads\/2020\/09\/DI-PACE-2-50x50.jpg 50w\" sizes=\"(max-width: 300px) 100vw, 300px\" \/><\/p>\n","protected":false},"excerpt":{"rendered":"<p>Dami\u00e1n Di Pace, reconocido periodista formado en marketing y econom\u00eda, especialista en mercados, consumo y<\/p>\n","protected":false},"author":2,"featured_media":2466,"comment_status":"open","ping_status":"open","sticky":false,"template":"","format":"standard","meta":{"footnotes":""},"categories":[11],"tags":[],"_links":{"self":[{"href":"https:\/\/innovacionygestion.net\/index.php\/wp-json\/wp\/v2\/posts\/2465"}],"collection":[{"href":"https:\/\/innovacionygestion.net\/index.php\/wp-json\/wp\/v2\/posts"}],"about":[{"href":"https:\/\/innovacionygestion.net\/index.php\/wp-json\/wp\/v2\/types\/post"}],"author":[{"embeddable":true,"href":"https:\/\/innovacionygestion.net\/index.php\/wp-json\/wp\/v2\/users\/2"}],"replies":[{"embeddable":true,"href":"https:\/\/innovacionygestion.net\/index.php\/wp-json\/wp\/v2\/comments?post=2465"}],"version-history":[{"count":1,"href":"https:\/\/innovacionygestion.net\/index.php\/wp-json\/wp\/v2\/posts\/2465\/revisions"}],"predecessor-version":[{"id":2468,"href":"https:\/\/innovacionygestion.net\/index.php\/wp-json\/wp\/v2\/posts\/2465\/revisions\/2468"}],"wp:featuredmedia":[{"embeddable":true,"href":"https:\/\/innovacionygestion.net\/index.php\/wp-json\/wp\/v2\/media\/2466"}],"wp:attachment":[{"href":"https:\/\/innovacionygestion.net\/index.php\/wp-json\/wp\/v2\/media?parent=2465"}],"wp:term":[{"taxonomy":"category","embeddable":true,"href":"https:\/\/innovacionygestion.net\/index.php\/wp-json\/wp\/v2\/categories?post=2465"},{"taxonomy":"post_tag","embeddable":true,"href":"https:\/\/innovacionygestion.net\/index.php\/wp-json\/wp\/v2\/tags?post=2465"}],"curies":[{"name":"wp","href":"https:\/\/api.w.org\/{rel}","templated":true}]}}