{"id":2472,"date":"2020-09-02T19:34:16","date_gmt":"2020-09-02T22:34:16","guid":{"rendered":"https:\/\/innovacionygestion.net\/?p=2472"},"modified":"2020-09-02T19:34:16","modified_gmt":"2020-09-02T22:34:16","slug":"la-cem-y-el-ministerio-de-industria-acuerdan-agenda-post-pandemia","status":"publish","type":"post","link":"https:\/\/innovacionygestion.net\/index.php\/2020\/09\/02\/la-cem-y-el-ministerio-de-industria-acuerdan-agenda-post-pandemia\/","title":{"rendered":"La CEM y el Ministerio de Industria acuerdan agenda post pandemia"},"content":{"rendered":"<p>La Confederaci\u00f3n Econ\u00f3mica de Misiones (CEM) y el ministerio de industria delinear\u00e1n una agenda de trabajo pospandemia tal lo acordado por el titular de la entidad gremial empresaria Alejandro Haene y el ministro de la cartera productiva provincial, Luis Lichowski.<\/p>\n<p>En una reuni\u00f3n concretada este mi\u00e9rcoles en la sede del organismo estatal, las partes se propusieron elaborar un &#8220;Acuerdo productivo post pandemia&#8221; basado en una mesa de di\u00e1logo para establecer los ejes para impulsar el desarrollo productivo sectorial y territorial para responder a las demandas del sector productivo misionero tras la crisis sanitaria.<\/p>\n<p>Si bien se trata de un plan de reactivaci\u00f3n industrial para responder a la transici\u00f3n, el acuerdo contempla consolidar al sector considerando las perspectivas que genera la implementaci\u00f3n de un esquema impositivo diferencial en Misiones a partir del planteo reciente del gobernador Oscar Herrera Ahuad al presidente Alberto Fern\u00e1ndez, gesti\u00f3n que la CEM acompa\u00f1a como referente del sector privado misionero.<\/p>\n<p>En este sentido tanto Haene como Lichowski destacaron que dicho acuerdo ser\u00e1 un documento con el cual el gobernador podr\u00e1 determinar acciones y encarar pol\u00edticas espec\u00edficas para el sector sobre la base de un acuerdo general.<\/p>\n<p>Se trata de un aporte sectorial industrial para buscar nuevos horizontes ante la grave crisis que atravesara la econom\u00eda nacional y regional pasada la crisis sanitar\u00eda.<\/p>\n","protected":false},"excerpt":{"rendered":"<p>La Confederaci\u00f3n Econ\u00f3mica de Misiones (CEM) y el ministerio de industria delinear\u00e1n una agenda de<\/p>\n","protected":false},"author":2,"featured_media":2473,"comment_status":"open","ping_status":"open","sticky":false,"template":"","format":"standard","meta":{"footnotes":""},"categories":[11],"tags":[],"_links":{"self":[{"href":"https:\/\/innovacionygestion.net\/index.php\/wp-json\/wp\/v2\/posts\/2472"}],"collection":[{"href":"https:\/\/innovacionygestion.net\/index.php\/wp-json\/wp\/v2\/posts"}],"about":[{"href":"https:\/\/innovacionygestion.net\/index.php\/wp-json\/wp\/v2\/types\/post"}],"author":[{"embeddable":true,"href":"https:\/\/innovacionygestion.net\/index.php\/wp-json\/wp\/v2\/users\/2"}],"replies":[{"embeddable":true,"href":"https:\/\/innovacionygestion.net\/index.php\/wp-json\/wp\/v2\/comments?post=2472"}],"version-history":[{"count":1,"href":"https:\/\/innovacionygestion.net\/index.php\/wp-json\/wp\/v2\/posts\/2472\/revisions"}],"predecessor-version":[{"id":2474,"href":"https:\/\/innovacionygestion.net\/index.php\/wp-json\/wp\/v2\/posts\/2472\/revisions\/2474"}],"wp:featuredmedia":[{"embeddable":true,"href":"https:\/\/innovacionygestion.net\/index.php\/wp-json\/wp\/v2\/media\/2473"}],"wp:attachment":[{"href":"https:\/\/innovacionygestion.net\/index.php\/wp-json\/wp\/v2\/media?parent=2472"}],"wp:term":[{"taxonomy":"category","embeddable":true,"href":"https:\/\/innovacionygestion.net\/index.php\/wp-json\/wp\/v2\/categories?post=2472"},{"taxonomy":"post_tag","embeddable":true,"href":"https:\/\/innovacionygestion.net\/index.php\/wp-json\/wp\/v2\/tags?post=2472"}],"curies":[{"name":"wp","href":"https:\/\/api.w.org\/{rel}","templated":true}]}}