{"id":2574,"date":"2020-09-18T11:30:09","date_gmt":"2020-09-18T14:30:09","guid":{"rendered":"https:\/\/innovacionygestion.net\/?p=2574"},"modified":"2020-09-18T11:30:09","modified_gmt":"2020-09-18T14:30:09","slug":"iprodha-asistira-con-obras-al-iea-n-13-de-guarani","status":"publish","type":"post","link":"https:\/\/innovacionygestion.net\/index.php\/2020\/09\/18\/iprodha-asistira-con-obras-al-iea-n-13-de-guarani\/","title":{"rendered":"IPRODHA asistir\u00e1 con obras al IEA N\u00b0 13 de Guaran\u00ed"},"content":{"rendered":"<p>Construir\u00e1 la sala de industria, cocina y sanitarios<\/p>\n<p>Mediante el Programa de Viviendas Rurales del Instituto Provincial de Desarrollo Habitacional (IPRODHA) se asistir\u00e1 con obras de ampliaci\u00f3n al Instituto de Ense\u00f1anza Agropecuaria (IEA) N\u00b0 13 de la localidad de Colonia Guaran\u00ed.<\/p>\n<p>El convenio marco para ejecutar los trabajos en el establecimiento educativo rural se firm\u00f3 recientemente con la participaci\u00f3n del rector del IEA, Rafael Bezchlibiak, el titular del Programa de Viviendas Rurales, Roberto Filippa y el intendente de Guaran\u00ed, Miguel Vargas.<\/p>\n<p>El acuerdo establece la intervenci\u00f3n del Iprodha, con la apoyatura del municipio local y la sumatoria de la comunidad educativa a cargo de Bezchlibiak, con apertura en lo que a construcci\u00f3n ata\u00f1e, ya que frecuentemente levantan hibern\u00e1culos y otras estructuras vinculadas al agro.<\/p>\n<p>\u201cEl rol del Municipio de Colonia Guaran\u00ed es fundamental, tambi\u00e9n a la hora de concretar el proyecto, ya que dispondr\u00e1 de una parte de los materiales y de la mano de obra. \u201cEsta obra se puede lograr gracias al trabajo conjunto que haremos la Provincia, con el intendente Vargas para este Instituto que apuntala la educaci\u00f3n del agro\u201d, se\u00f1al\u00f3 Filippa.<\/p>\n<p>El IEA N\u00b0 13 est\u00e1 ubicado en el Lote N\u00b0 105 Secci\u00f3n B, Picada Yapey\u00fa, Municipio de Colonia Guaran\u00ed, Departamento de Ober\u00e1. Se acord\u00f3 construir la sala de industria, cocina y ba\u00f1os para el nuevo predio del Instituto emplazado en una superficie de 110m\u00b2 aproximadamente.<\/p>\n<p>Al respecto, Bezchlibiak coment\u00f3 que el IEA cuenta con una matr\u00edcula de 127 alumnos y que las construcciones acordadas son \u201cuna parte importante-fundamental del predio escolar. Sin ella ser\u00eda imposible el traslado al nuevo lote, debido a la modalidad de jornada completa, es necesario contar con un espacio destinado a la cocina comedor para que los estudiantes puedan recibir su raci\u00f3n diaria de comida\u201d.<\/p>\n<p>El rector agreg\u00f3 que \u201cimpactar\u00e1 positivamente en cuanto a ir armando los espacios pertenecientes al futuro complejo educativo. Por ello, la obra proyectada dar\u00e1 soluciones a una pata principal que hace a la educaci\u00f3n agrot\u00e9cnica de Colonia Guaran\u00ed. El convenio posibilita, una gran apertura, para el traslado definitivo al nuevo predio del Instituto\u201d, puntualiz\u00f3 Bezchlibiak.<\/p>\n","protected":false},"excerpt":{"rendered":"<p>Construir\u00e1 la sala de industria, cocina y sanitarios Mediante el Programa de Viviendas Rurales del<\/p>\n","protected":false},"author":2,"featured_media":2575,"comment_status":"open","ping_status":"open","sticky":false,"template":"","format":"standard","meta":{"footnotes":""},"categories":[17],"tags":[],"_links":{"self":[{"href":"https:\/\/innovacionygestion.net\/index.php\/wp-json\/wp\/v2\/posts\/2574"}],"collection":[{"href":"https:\/\/innovacionygestion.net\/index.php\/wp-json\/wp\/v2\/posts"}],"about":[{"href":"https:\/\/innovacionygestion.net\/index.php\/wp-json\/wp\/v2\/types\/post"}],"author":[{"embeddable":true,"href":"https:\/\/innovacionygestion.net\/index.php\/wp-json\/wp\/v2\/users\/2"}],"replies":[{"embeddable":true,"href":"https:\/\/innovacionygestion.net\/index.php\/wp-json\/wp\/v2\/comments?post=2574"}],"version-history":[{"count":1,"href":"https:\/\/innovacionygestion.net\/index.php\/wp-json\/wp\/v2\/posts\/2574\/revisions"}],"predecessor-version":[{"id":2576,"href":"https:\/\/innovacionygestion.net\/index.php\/wp-json\/wp\/v2\/posts\/2574\/revisions\/2576"}],"wp:featuredmedia":[{"embeddable":true,"href":"https:\/\/innovacionygestion.net\/index.php\/wp-json\/wp\/v2\/media\/2575"}],"wp:attachment":[{"href":"https:\/\/innovacionygestion.net\/index.php\/wp-json\/wp\/v2\/media?parent=2574"}],"wp:term":[{"taxonomy":"category","embeddable":true,"href":"https:\/\/innovacionygestion.net\/index.php\/wp-json\/wp\/v2\/categories?post=2574"},{"taxonomy":"post_tag","embeddable":true,"href":"https:\/\/innovacionygestion.net\/index.php\/wp-json\/wp\/v2\/tags?post=2574"}],"curies":[{"name":"wp","href":"https:\/\/api.w.org\/{rel}","templated":true}]}}