{"id":2613,"date":"2020-09-25T13:53:57","date_gmt":"2020-09-25T16:53:57","guid":{"rendered":"https:\/\/innovacionygestion.net\/?p=2613"},"modified":"2020-09-25T13:53:57","modified_gmt":"2020-09-25T16:53:57","slug":"wanda-jelen-dispuso-de-un-subsidio-en-mercaderia-para-los-tareferos","status":"publish","type":"post","link":"https:\/\/innovacionygestion.net\/index.php\/2020\/09\/25\/wanda-jelen-dispuso-de-un-subsidio-en-mercaderia-para-los-tareferos\/","title":{"rendered":"Wanda: Jele\u00f1 dispuso de un subsidio en mercader\u00eda para los tareferos"},"content":{"rendered":"<p class=\"x_MsoNormal\"><span lang=\"ES-AR\">El intendente de Colonia Wanda, Dr. Felipe Jele\u00f1, contin\u00faa con las acciones de asistencia a tareferos, colaborando con la asociaci\u00f3n local, entregando mercader\u00edas para que los trabajadores de la cosecha puedan tener un alivio en un momento tan dif\u00edcil como el actual ante la pandemia del Covid-19.<\/span><\/p>\n<p class=\"x_MsoNormal\"><span lang=\"ES-AR\">Fundamentalmente esta asistencia se basa en que, atendiendo a que se finalizan las tareas de la tarefa de yerba mate, hay varios trabajadores de Wanda que se quedaron sin el ingreso correspondiente.<\/span><\/p>\n<p class=\"x_MsoNormal\"><span lang=\"ES-AR\">Por otra parte, los subsidios nacionales para el sector se encuentran en etapa de resoluci\u00f3n administrativa, la cual no depende del Municipio, vi\u00e9ndose de esta manera afectada la econom\u00eda familiar de un n\u00famero importante de trabajadores que, adem\u00e1s, se encuentran limitados en las posibilidades de realizar otras tareas adem\u00e1s de la zafra, dadas las limitaciones y protocolos vigentes para prevenir el coronavirus.<\/span><\/p>\n<p><span lang=\"ES-AR\">Es en este contexto que el intendente Jele\u00f1 resolvi\u00f3 otorgar a la Asociaci\u00f3n de Tareferos de la Ciudad de Wanda un subsidio en mercader\u00edas a ser utilizado con fines sociales para que sean distribuidos entre sus afiliados de m\u00e1s escasos recursos.<\/span><\/p>\n","protected":false},"excerpt":{"rendered":"<p>El intendente de Colonia Wanda, Dr. Felipe Jele\u00f1, contin\u00faa con las acciones de asistencia a<\/p>\n","protected":false},"author":2,"featured_media":2614,"comment_status":"open","ping_status":"open","sticky":false,"template":"","format":"standard","meta":{"footnotes":""},"categories":[14],"tags":[],"_links":{"self":[{"href":"https:\/\/innovacionygestion.net\/index.php\/wp-json\/wp\/v2\/posts\/2613"}],"collection":[{"href":"https:\/\/innovacionygestion.net\/index.php\/wp-json\/wp\/v2\/posts"}],"about":[{"href":"https:\/\/innovacionygestion.net\/index.php\/wp-json\/wp\/v2\/types\/post"}],"author":[{"embeddable":true,"href":"https:\/\/innovacionygestion.net\/index.php\/wp-json\/wp\/v2\/users\/2"}],"replies":[{"embeddable":true,"href":"https:\/\/innovacionygestion.net\/index.php\/wp-json\/wp\/v2\/comments?post=2613"}],"version-history":[{"count":1,"href":"https:\/\/innovacionygestion.net\/index.php\/wp-json\/wp\/v2\/posts\/2613\/revisions"}],"predecessor-version":[{"id":2615,"href":"https:\/\/innovacionygestion.net\/index.php\/wp-json\/wp\/v2\/posts\/2613\/revisions\/2615"}],"wp:featuredmedia":[{"embeddable":true,"href":"https:\/\/innovacionygestion.net\/index.php\/wp-json\/wp\/v2\/media\/2614"}],"wp:attachment":[{"href":"https:\/\/innovacionygestion.net\/index.php\/wp-json\/wp\/v2\/media?parent=2613"}],"wp:term":[{"taxonomy":"category","embeddable":true,"href":"https:\/\/innovacionygestion.net\/index.php\/wp-json\/wp\/v2\/categories?post=2613"},{"taxonomy":"post_tag","embeddable":true,"href":"https:\/\/innovacionygestion.net\/index.php\/wp-json\/wp\/v2\/tags?post=2613"}],"curies":[{"name":"wp","href":"https:\/\/api.w.org\/{rel}","templated":true}]}}