{"id":2625,"date":"2020-09-29T20:31:54","date_gmt":"2020-09-29T23:31:54","guid":{"rendered":"https:\/\/innovacionygestion.net\/?p=2625"},"modified":"2020-09-29T20:31:54","modified_gmt":"2020-09-29T23:31:54","slug":"el-ifai-y-la-municipalidad-de-posadas-entregaron-equipamientos-a-micro-emprendimiento-familiar","status":"publish","type":"post","link":"https:\/\/innovacionygestion.net\/index.php\/2020\/09\/29\/el-ifai-y-la-municipalidad-de-posadas-entregaron-equipamientos-a-micro-emprendimiento-familiar\/","title":{"rendered":"EL IFAI y la Municipalidad de Posadas entregaron equipamientos a micro emprendimiento familiar."},"content":{"rendered":"<div>La \u201cRotiser\u00eda Minuta Ambar\u201d podr\u00e1 avanzar con su proyecto de ampliar el men\u00fa que ofrece habitualmente a sus clientes. Adem\u00e1s de \u00a0generar nuevas fuentes laborales.<\/p>\n<p>El Presidente del Instituto de Fomento Agropecuario e Industrial, Cdor. Marcelo Rodr\u00edguez y el Intendente de Posadas, Ing. Leonardo Stelatto visitaron en la tarde de este lunes el micro emprendimiento ubicado en el barrio San Isidro de la ciudad de Posadas \u00a0para hacer entrega del equipamientos. Se destacan 1 horno rotativo para 6 pizzas &#8211; 1 freidora de 10 litros y una panchera.<\/p>\n<p>El beneficiario Alexis Lisandro Vel\u00e1zquez, agradeci\u00f3 el acompa\u00f1amiento del gobierno y del Municipio. \u201cHice un proyecto que me permitir\u00e1 salir adelante ante esta situaci\u00f3n de la pandemia y ayudar a m\u00e1s gente para que puedan trabajar con nosotros\u201d asegur\u00f3.<\/p>\n<p>Estas entregas se concretan como resultado del convenio marco de colaboraci\u00f3n rec\u00edproca firmado oportunamente entre el IFAI y la Municipalidad de Posadas.<\/p>\n<p>&#8220;Junto al jefe comunal de Posadas vamos a seguir articulando para dar respuesta a quienes pregonan la cultura del trabajo en los barrios&#8221; se\u00f1al\u00f3 el titular del IFAI.<\/p><\/div>\n<div><\/div>\n","protected":false},"excerpt":{"rendered":"<p>La \u201cRotiser\u00eda Minuta Ambar\u201d podr\u00e1 avanzar con su proyecto de ampliar el men\u00fa que ofrece<\/p>\n","protected":false},"author":2,"featured_media":2627,"comment_status":"open","ping_status":"open","sticky":false,"template":"","format":"standard","meta":{"footnotes":""},"categories":[2],"tags":[],"_links":{"self":[{"href":"https:\/\/innovacionygestion.net\/index.php\/wp-json\/wp\/v2\/posts\/2625"}],"collection":[{"href":"https:\/\/innovacionygestion.net\/index.php\/wp-json\/wp\/v2\/posts"}],"about":[{"href":"https:\/\/innovacionygestion.net\/index.php\/wp-json\/wp\/v2\/types\/post"}],"author":[{"embeddable":true,"href":"https:\/\/innovacionygestion.net\/index.php\/wp-json\/wp\/v2\/users\/2"}],"replies":[{"embeddable":true,"href":"https:\/\/innovacionygestion.net\/index.php\/wp-json\/wp\/v2\/comments?post=2625"}],"version-history":[{"count":1,"href":"https:\/\/innovacionygestion.net\/index.php\/wp-json\/wp\/v2\/posts\/2625\/revisions"}],"predecessor-version":[{"id":2628,"href":"https:\/\/innovacionygestion.net\/index.php\/wp-json\/wp\/v2\/posts\/2625\/revisions\/2628"}],"wp:featuredmedia":[{"embeddable":true,"href":"https:\/\/innovacionygestion.net\/index.php\/wp-json\/wp\/v2\/media\/2627"}],"wp:attachment":[{"href":"https:\/\/innovacionygestion.net\/index.php\/wp-json\/wp\/v2\/media?parent=2625"}],"wp:term":[{"taxonomy":"category","embeddable":true,"href":"https:\/\/innovacionygestion.net\/index.php\/wp-json\/wp\/v2\/categories?post=2625"},{"taxonomy":"post_tag","embeddable":true,"href":"https:\/\/innovacionygestion.net\/index.php\/wp-json\/wp\/v2\/tags?post=2625"}],"curies":[{"name":"wp","href":"https:\/\/api.w.org\/{rel}","templated":true}]}}