{"id":2648,"date":"2020-10-07T22:05:48","date_gmt":"2020-10-08T01:05:48","guid":{"rendered":"https:\/\/innovacionygestion.net\/?p=2648"},"modified":"2020-10-07T22:05:48","modified_gmt":"2020-10-08T01:05:48","slug":"ifai-se-reunio-con-productores-de-azucar-rubio-en-dos-arroyos","status":"publish","type":"post","link":"https:\/\/innovacionygestion.net\/index.php\/2020\/10\/07\/ifai-se-reunio-con-productores-de-azucar-rubio-en-dos-arroyos\/","title":{"rendered":"IFAI se reuni\u00f3 con productores de az\u00facar rubio en Dos Arroyos."},"content":{"rendered":"<div>El Presidente del Instituto de Fomento Agropecuario e Industrial, Cr Marcelo Rodr\u00edguez realiz\u00f3 una agenda de trabajo en la localidad de Dos Arroyo. En ese municipio, junto al Intendente Rosario Becker mantuvieron reuniones con productores de az\u00facar rubio en diversas colonias para analizar proyectos de fomento.<\/p>\n<p>Los productores explicaron las distintas variedades de plantaciones de ca\u00f1a de az\u00facar que cultivan y cu\u00e1les tienen mejor \u00a0rendimiento, volumen \u00a0y calidad de dulzura.\u00a0 Adem\u00e1s, destacaron la decisi\u00f3n de diversificar, sobre todo para producir az\u00facar org\u00e1nico.<\/p>\n<p>El intendente Rosario Becker resalt\u00f3 el aporte del IFAI al trabajo conjunto con los municipios y productores. Destac\u00f3 la permanente presencia en Territorio que se realiza \u00a0y el respaldo del Estado provincial al agro misionero.<\/p><\/div>\n<div><\/div>\n","protected":false},"excerpt":{"rendered":"<p>El Presidente del Instituto de Fomento Agropecuario e Industrial, Cr Marcelo Rodr\u00edguez realiz\u00f3 una agenda<\/p>\n","protected":false},"author":2,"featured_media":2649,"comment_status":"open","ping_status":"open","sticky":false,"template":"","format":"standard","meta":{"footnotes":""},"categories":[14],"tags":[],"_links":{"self":[{"href":"https:\/\/innovacionygestion.net\/index.php\/wp-json\/wp\/v2\/posts\/2648"}],"collection":[{"href":"https:\/\/innovacionygestion.net\/index.php\/wp-json\/wp\/v2\/posts"}],"about":[{"href":"https:\/\/innovacionygestion.net\/index.php\/wp-json\/wp\/v2\/types\/post"}],"author":[{"embeddable":true,"href":"https:\/\/innovacionygestion.net\/index.php\/wp-json\/wp\/v2\/users\/2"}],"replies":[{"embeddable":true,"href":"https:\/\/innovacionygestion.net\/index.php\/wp-json\/wp\/v2\/comments?post=2648"}],"version-history":[{"count":1,"href":"https:\/\/innovacionygestion.net\/index.php\/wp-json\/wp\/v2\/posts\/2648\/revisions"}],"predecessor-version":[{"id":2650,"href":"https:\/\/innovacionygestion.net\/index.php\/wp-json\/wp\/v2\/posts\/2648\/revisions\/2650"}],"wp:featuredmedia":[{"embeddable":true,"href":"https:\/\/innovacionygestion.net\/index.php\/wp-json\/wp\/v2\/media\/2649"}],"wp:attachment":[{"href":"https:\/\/innovacionygestion.net\/index.php\/wp-json\/wp\/v2\/media?parent=2648"}],"wp:term":[{"taxonomy":"category","embeddable":true,"href":"https:\/\/innovacionygestion.net\/index.php\/wp-json\/wp\/v2\/categories?post=2648"},{"taxonomy":"post_tag","embeddable":true,"href":"https:\/\/innovacionygestion.net\/index.php\/wp-json\/wp\/v2\/tags?post=2648"}],"curies":[{"name":"wp","href":"https:\/\/api.w.org\/{rel}","templated":true}]}}