{"id":2669,"date":"2020-10-13T10:09:32","date_gmt":"2020-10-13T13:09:32","guid":{"rendered":"https:\/\/innovacionygestion.net\/?p=2669"},"modified":"2020-10-13T10:09:32","modified_gmt":"2020-10-13T13:09:32","slug":"campana-rosa-solidaria-del-ips-y-del-tribunal-de-cuentas-de-la-provincia","status":"publish","type":"post","link":"https:\/\/innovacionygestion.net\/index.php\/2020\/10\/13\/campana-rosa-solidaria-del-ips-y-del-tribunal-de-cuentas-de-la-provincia\/","title":{"rendered":"\u201cCampa\u00f1a Rosa Solidaria\u201d del IPS y del Tribunal de Cuentas de la Provincia"},"content":{"rendered":"<p>En el marco del mes de octubre, sobre la \u201cConcientizaci\u00f3n de la prevenci\u00f3n del c\u00e1ncer de mama\u201d, el Instituto de Previsi\u00f3n Social de Misiones entreg\u00f3 barbijos rosas a integrantes del Tribunal de Cuentas de Misiones, quienes a su vez colaboraron con un alimento no perecedero y\/o un elemento de higiene personal para ser donados a entidades que los necesiten.<br \/>\nEn la oportunidad, el Presidente del IPS, Dr. Lisandro Benmaor, enfatiz\u00f3 en que \u201cel hecho de comprender es fundamental para la toma de conciencia. La prevenci\u00f3n tiene un lugar preponderante y se puede lograr mediante el autoexamen y las mamograf\u00edas\u201d.<br \/>\n\u201cUn diagn\u00f3stico precoz y efectivo puede salvar vidas\u201d, sostuvo.<br \/>\nPor su parte la Presidenta del Tribunal de Cuentas, Dra. Fabiola Bianco se\u00f1al\u00f3 la importancia de la difusi\u00f3n temprana, y destac\u00f3 \u201clas acciones concretas y programas que lleva adelante el IPS\u201d.<br \/>\nAsimismo remarc\u00f3 que en este momento de pandemia es loable apuntar a la solidaridad.<\/p>\n","protected":false},"excerpt":{"rendered":"<p>En el marco del mes de octubre, sobre la \u201cConcientizaci\u00f3n de la prevenci\u00f3n del c\u00e1ncer<\/p>\n","protected":false},"author":2,"featured_media":2670,"comment_status":"open","ping_status":"open","sticky":false,"template":"","format":"standard","meta":{"footnotes":""},"categories":[13],"tags":[],"_links":{"self":[{"href":"https:\/\/innovacionygestion.net\/index.php\/wp-json\/wp\/v2\/posts\/2669"}],"collection":[{"href":"https:\/\/innovacionygestion.net\/index.php\/wp-json\/wp\/v2\/posts"}],"about":[{"href":"https:\/\/innovacionygestion.net\/index.php\/wp-json\/wp\/v2\/types\/post"}],"author":[{"embeddable":true,"href":"https:\/\/innovacionygestion.net\/index.php\/wp-json\/wp\/v2\/users\/2"}],"replies":[{"embeddable":true,"href":"https:\/\/innovacionygestion.net\/index.php\/wp-json\/wp\/v2\/comments?post=2669"}],"version-history":[{"count":1,"href":"https:\/\/innovacionygestion.net\/index.php\/wp-json\/wp\/v2\/posts\/2669\/revisions"}],"predecessor-version":[{"id":2671,"href":"https:\/\/innovacionygestion.net\/index.php\/wp-json\/wp\/v2\/posts\/2669\/revisions\/2671"}],"wp:featuredmedia":[{"embeddable":true,"href":"https:\/\/innovacionygestion.net\/index.php\/wp-json\/wp\/v2\/media\/2670"}],"wp:attachment":[{"href":"https:\/\/innovacionygestion.net\/index.php\/wp-json\/wp\/v2\/media?parent=2669"}],"wp:term":[{"taxonomy":"category","embeddable":true,"href":"https:\/\/innovacionygestion.net\/index.php\/wp-json\/wp\/v2\/categories?post=2669"},{"taxonomy":"post_tag","embeddable":true,"href":"https:\/\/innovacionygestion.net\/index.php\/wp-json\/wp\/v2\/tags?post=2669"}],"curies":[{"name":"wp","href":"https:\/\/api.w.org\/{rel}","templated":true}]}}