{"id":2785,"date":"2020-11-02T11:25:53","date_gmt":"2020-11-02T14:25:53","guid":{"rendered":"https:\/\/innovacionygestion.net\/?p=2785"},"modified":"2020-11-02T11:25:53","modified_gmt":"2020-11-02T14:25:53","slug":"ifai-y-la-municipalidad-de-posadas-entregaron-insumos-a-micro-emprendimiento-gastronomico-y-a-productora-horticola","status":"publish","type":"post","link":"https:\/\/innovacionygestion.net\/index.php\/2020\/11\/02\/ifai-y-la-municipalidad-de-posadas-entregaron-insumos-a-micro-emprendimiento-gastronomico-y-a-productora-horticola\/","title":{"rendered":"IFAI y la Municipalidad de Posadas entregaron insumos a micro emprendimiento gastron\u00f3mico y a productora hort\u00edcola."},"content":{"rendered":"<p>El Presidente del Instituto de Fomento Agropecuario e Industrial Cr. Marcelo Rodr\u00edguez y el Intendente de Posadas, Ing. Leonardo Stelatto, trabajando en forma articulada, asistieron a un peque\u00f1o emprendimiento gastron\u00f3mico, as\u00ed como a una productora hort\u00edcola, ambas de la capital provincial.<br \/>\nGladys Rodr\u00edguez lleva adelante un emprendimiento familiar en la Chacra 189. Y se mostr\u00f3 muy entusiasmada y agradecida al momento de recibir esta ayuda que le permitir\u00e1 mejorar la calidad y ampliar la variedad de las comidas que prepara.<br \/>\nLa entrega consisti\u00f3 en 1 horno industrial rotativo p\/6 bandejas, juego completo de carlitera, 1 freidora con todos sus implementos y 6 bandejas enlozadas para hacer pizzas entre otros elementos para ampliar la cocina.<br \/>\nEntregan Insumos \u00a0para fortalecer producci\u00f3n hort\u00edcola:<br \/>\nEn la propia chacra de Lucia Ledesma quien desarrolla un emprendimiento productivo, los funcionarios le acercaron los elementos indispensables para proteger el cultivo. Entre los insumos se destaca media sombra, pl\u00e1stico y techo para la construcci\u00f3n del invern\u00e1culo, as\u00ed como un sistema de riego. La asistencia fue encarada en forma conjunta por el Instituto de Fomento Agropecuario e Industrial y la Municipalidad de Posadas.<br \/>\nLedesma agradeci\u00f3 la entrega de los insumos y la presencia del Intendente de Posadas. Adem\u00e1s valor\u00f3 la posibilidad que le brinda el IFAI para comercializar su producci\u00f3n en el Mercado Concentrador Zonal de Posadas. &#8220;Con la construcci\u00f3n del invern\u00e1culo y el sistema de riego aumentaremos el volumen y mejoraremos la producci\u00f3n en verano&#8221; asegur\u00f3.<br \/>\nEstuvieron presentes tambi\u00e9n el Coordinador de Mercados del Ifai, Marcelo Orue y el Secretario de Desarrollo Econ\u00f3mico Municipal, Claudio Aguilar.<\/p>\n<div><\/div>\n","protected":false},"excerpt":{"rendered":"<p>El Presidente del Instituto de Fomento Agropecuario e Industrial Cr. Marcelo Rodr\u00edguez y el Intendente<\/p>\n","protected":false},"author":2,"featured_media":2786,"comment_status":"open","ping_status":"open","sticky":false,"template":"","format":"standard","meta":{"footnotes":""},"categories":[2],"tags":[],"_links":{"self":[{"href":"https:\/\/innovacionygestion.net\/index.php\/wp-json\/wp\/v2\/posts\/2785"}],"collection":[{"href":"https:\/\/innovacionygestion.net\/index.php\/wp-json\/wp\/v2\/posts"}],"about":[{"href":"https:\/\/innovacionygestion.net\/index.php\/wp-json\/wp\/v2\/types\/post"}],"author":[{"embeddable":true,"href":"https:\/\/innovacionygestion.net\/index.php\/wp-json\/wp\/v2\/users\/2"}],"replies":[{"embeddable":true,"href":"https:\/\/innovacionygestion.net\/index.php\/wp-json\/wp\/v2\/comments?post=2785"}],"version-history":[{"count":1,"href":"https:\/\/innovacionygestion.net\/index.php\/wp-json\/wp\/v2\/posts\/2785\/revisions"}],"predecessor-version":[{"id":2787,"href":"https:\/\/innovacionygestion.net\/index.php\/wp-json\/wp\/v2\/posts\/2785\/revisions\/2787"}],"wp:featuredmedia":[{"embeddable":true,"href":"https:\/\/innovacionygestion.net\/index.php\/wp-json\/wp\/v2\/media\/2786"}],"wp:attachment":[{"href":"https:\/\/innovacionygestion.net\/index.php\/wp-json\/wp\/v2\/media?parent=2785"}],"wp:term":[{"taxonomy":"category","embeddable":true,"href":"https:\/\/innovacionygestion.net\/index.php\/wp-json\/wp\/v2\/categories?post=2785"},{"taxonomy":"post_tag","embeddable":true,"href":"https:\/\/innovacionygestion.net\/index.php\/wp-json\/wp\/v2\/tags?post=2785"}],"curies":[{"name":"wp","href":"https:\/\/api.w.org\/{rel}","templated":true}]}}