{"id":2849,"date":"2020-11-11T10:33:03","date_gmt":"2020-11-11T13:33:03","guid":{"rendered":"https:\/\/innovacionygestion.net\/?p=2849"},"modified":"2020-11-11T10:33:03","modified_gmt":"2020-11-11T13:33:03","slug":"el-ifai-y-los-municipios-avanzan-en-convenios-de-cooperacion-destinados-a-fortalecer-el-sector-productivo","status":"publish","type":"post","link":"https:\/\/innovacionygestion.net\/index.php\/2020\/11\/11\/el-ifai-y-los-municipios-avanzan-en-convenios-de-cooperacion-destinados-a-fortalecer-el-sector-productivo\/","title":{"rendered":"El IFAI y los Municipios avanzan en convenios de cooperaci\u00f3n destinados a fortalecer el sector productivo"},"content":{"rendered":"<div dir=\"auto\">En el marco de evaluar los proyectos productivos de cada municipio de la provincia, el Presidente del Instituto de Fomento Agropecuario e Industrial Cr. Marcelo Rodr\u00edguez viene sosteniendo una serie de reuniones con los jefes comunales. En esta ocasi\u00f3n lleg\u00f3 hasta la localidad de Panamb\u00ed, donde desarroll\u00f3 diversas actividades y se reuni\u00f3 con el intendente Rosendo Fuchs.<\/div>\n<div dir=\"auto\">Durante el encuentro, se avanz\u00f3 en la planificaci\u00f3n de acciones conjuntas, por lo que pr\u00f3ximamente se va a firmar un documento de cooperaci\u00f3n. El prop\u00f3sito es asistir proyectos de micro emprendimientos orientados a los sectores tur\u00edsticos, productivos y gastron\u00f3micos.<\/div>\n<div dir=\"auto\">Desde el Ifai ya se han firmado acuerdos con varios municipios con el objetivo de fortalecer y fomentar la producci\u00f3n. No s\u00f3lo para aumentarla sino tambi\u00e9n para que ello implique generar fuente de trabajo.<\/div>\n<div dir=\"auto\">La capacitaci\u00f3n, asesoramiento, asistencia financiera y el respaldo a los peque\u00f1os productores son parte de las pol\u00edticas de crecimiento del sector productivo y desarrollo econ\u00f3mico que impulsa el Gobierno Provincial.<\/div>\n","protected":false},"excerpt":{"rendered":"<p>En el marco de evaluar los proyectos productivos de cada municipio de la provincia, el<\/p>\n","protected":false},"author":2,"featured_media":2850,"comment_status":"open","ping_status":"open","sticky":false,"template":"","format":"standard","meta":{"footnotes":""},"categories":[24],"tags":[],"_links":{"self":[{"href":"https:\/\/innovacionygestion.net\/index.php\/wp-json\/wp\/v2\/posts\/2849"}],"collection":[{"href":"https:\/\/innovacionygestion.net\/index.php\/wp-json\/wp\/v2\/posts"}],"about":[{"href":"https:\/\/innovacionygestion.net\/index.php\/wp-json\/wp\/v2\/types\/post"}],"author":[{"embeddable":true,"href":"https:\/\/innovacionygestion.net\/index.php\/wp-json\/wp\/v2\/users\/2"}],"replies":[{"embeddable":true,"href":"https:\/\/innovacionygestion.net\/index.php\/wp-json\/wp\/v2\/comments?post=2849"}],"version-history":[{"count":1,"href":"https:\/\/innovacionygestion.net\/index.php\/wp-json\/wp\/v2\/posts\/2849\/revisions"}],"predecessor-version":[{"id":2851,"href":"https:\/\/innovacionygestion.net\/index.php\/wp-json\/wp\/v2\/posts\/2849\/revisions\/2851"}],"wp:featuredmedia":[{"embeddable":true,"href":"https:\/\/innovacionygestion.net\/index.php\/wp-json\/wp\/v2\/media\/2850"}],"wp:attachment":[{"href":"https:\/\/innovacionygestion.net\/index.php\/wp-json\/wp\/v2\/media?parent=2849"}],"wp:term":[{"taxonomy":"category","embeddable":true,"href":"https:\/\/innovacionygestion.net\/index.php\/wp-json\/wp\/v2\/categories?post=2849"},{"taxonomy":"post_tag","embeddable":true,"href":"https:\/\/innovacionygestion.net\/index.php\/wp-json\/wp\/v2\/tags?post=2849"}],"curies":[{"name":"wp","href":"https:\/\/api.w.org\/{rel}","templated":true}]}}