{"id":2881,"date":"2020-11-15T07:28:19","date_gmt":"2020-11-15T10:28:19","guid":{"rendered":"https:\/\/innovacionygestion.net\/?p=2881"},"modified":"2020-11-15T07:28:19","modified_gmt":"2020-11-15T10:28:19","slug":"ifai-acompano-la-promocion-y-venta-de-sandias-realizada-en-la-plaza-san-martin-de-posadas","status":"publish","type":"post","link":"https:\/\/innovacionygestion.net\/index.php\/2020\/11\/15\/ifai-acompano-la-promocion-y-venta-de-sandias-realizada-en-la-plaza-san-martin-de-posadas\/","title":{"rendered":"IFAI acompa\u00f1\u00f3 la promoci\u00f3n y venta de sand\u00edas realizada en la plaza San Mart\u00edn de Posadas"},"content":{"rendered":"<div dir=\"auto\">El Presidente del Instituto de Fomento Agropecuario e Industrial Cr. Marcelo Rodr\u00edguez particip\u00f3 de la jornada de promoci\u00f3n y venta de la sand\u00eda del Valle del Cu\u00f1a Pir\u00fa y adem\u00e1s brind\u00f3 su apoyo a los productores que realizaron una degustaci\u00f3n en la plaza San Mart\u00edn de Posadas.<\/div>\n<div dir=\"auto\">El Titular del IFAI recorri\u00f3 la exposici\u00f3n y venta junto a Lucas Carneiro, Subsecretario de Comercializaci\u00f3n del Ministerio de Agricultura Familiar y charl\u00f3 con los productores a quienes felicit\u00f3 &#8220;por la tarea que desarrollan en la chacra d\u00eda a d\u00eda, para obtener sand\u00edas de muy buena calidad y de producci\u00f3n misionera&#8221;<\/div>\n<div dir=\"auto\">Como parte de la promoci\u00f3n, se realiz\u00f3 un novedoso sistema de ventas a trav\u00e9s de una aplicaci\u00f3n en la que el usuario pudo acceder a una plataforma para realizar su reserva y de esta manera poder adquirir las frutas con una bonificaci\u00f3n importante.<\/div>\n<div dir=\"auto\">Lucas Carneiro coment\u00f3 que &#8220;la jornada fue un \u00e9xito. Entre los 12 productores se vendieron 600 sandias, agregando que seguir\u00e1n capacitando para que los productores puedan hacer sus preventas. Puedan realizar el cobro en la pr\u00f3xima cosecha, a trav\u00e9s de este sistema electr\u00f3nico&#8221;<\/div>\n<div dir=\"auto\">En tanto el Cr. Rodr\u00edguez, se\u00f1al\u00f3 que &#8221; una vez m\u00e1s estamos poniendo en pr\u00e1ctica lo que el Gobernador Oscar Herrera Ahuad nos indica todos los d\u00edas, estar cerca de la gente , estar cerca del productor e izar la bandera de la soberan\u00eda alimentaria&#8221;.<\/div>\n","protected":false},"excerpt":{"rendered":"<p>El Presidente del Instituto de Fomento Agropecuario e Industrial Cr. Marcelo Rodr\u00edguez particip\u00f3 de la<\/p>\n","protected":false},"author":2,"featured_media":2882,"comment_status":"open","ping_status":"open","sticky":false,"template":"","format":"standard","meta":{"footnotes":""},"categories":[20],"tags":[],"_links":{"self":[{"href":"https:\/\/innovacionygestion.net\/index.php\/wp-json\/wp\/v2\/posts\/2881"}],"collection":[{"href":"https:\/\/innovacionygestion.net\/index.php\/wp-json\/wp\/v2\/posts"}],"about":[{"href":"https:\/\/innovacionygestion.net\/index.php\/wp-json\/wp\/v2\/types\/post"}],"author":[{"embeddable":true,"href":"https:\/\/innovacionygestion.net\/index.php\/wp-json\/wp\/v2\/users\/2"}],"replies":[{"embeddable":true,"href":"https:\/\/innovacionygestion.net\/index.php\/wp-json\/wp\/v2\/comments?post=2881"}],"version-history":[{"count":1,"href":"https:\/\/innovacionygestion.net\/index.php\/wp-json\/wp\/v2\/posts\/2881\/revisions"}],"predecessor-version":[{"id":2883,"href":"https:\/\/innovacionygestion.net\/index.php\/wp-json\/wp\/v2\/posts\/2881\/revisions\/2883"}],"wp:featuredmedia":[{"embeddable":true,"href":"https:\/\/innovacionygestion.net\/index.php\/wp-json\/wp\/v2\/media\/2882"}],"wp:attachment":[{"href":"https:\/\/innovacionygestion.net\/index.php\/wp-json\/wp\/v2\/media?parent=2881"}],"wp:term":[{"taxonomy":"category","embeddable":true,"href":"https:\/\/innovacionygestion.net\/index.php\/wp-json\/wp\/v2\/categories?post=2881"},{"taxonomy":"post_tag","embeddable":true,"href":"https:\/\/innovacionygestion.net\/index.php\/wp-json\/wp\/v2\/tags?post=2881"}],"curies":[{"name":"wp","href":"https:\/\/api.w.org\/{rel}","templated":true}]}}