{"id":2907,"date":"2020-11-19T08:29:55","date_gmt":"2020-11-19T11:29:55","guid":{"rendered":"https:\/\/innovacionygestion.net\/?p=2907"},"modified":"2020-11-19T08:29:55","modified_gmt":"2020-11-19T11:29:55","slug":"ifai-y-el-ministerio-del-agro-entregaron-insumos-a-productores-de-concepcion-de-la-sierra","status":"publish","type":"post","link":"https:\/\/innovacionygestion.net\/index.php\/2020\/11\/19\/ifai-y-el-ministerio-del-agro-entregaron-insumos-a-productores-de-concepcion-de-la-sierra\/","title":{"rendered":"IFAI y el Ministerio del Agro entregaron insumos a productores de Concepci\u00f3n de la Sierra."},"content":{"rendered":"<div dir=\"auto\">Se trata de semillas de pastura, semillas de ma\u00edz y alambres galvanizado solicitado por los productores para producir alimentos para sus animales.<\/div>\n<div dir=\"auto\">El Presidente del Instituto de Fomento Agropecuario e Industrial Cr. Marcelo Rodr\u00edguez, funcionarios del Ministerio del Agro, junto al intendente Carlos Pernigoti concretaron la entrega durante una reuni\u00f3n que se llev\u00f3 a cabo en la casa de la cultura de ese municipio.<\/div>\n<div dir=\"auto\">En la oportunidad el jefe comunal agradeci\u00f3 la rapidez con la que el Ifai respondi\u00f3 al pedido realizado por los colonos. Adem\u00e1s destac\u00f3 el trabajo en equipo que lleva adelante el Ifai, Ministerio del Agro, Agricultura Familiar y los municipios abordando los proyectos en beneficio del colono.<\/div>\n<div dir=\"auto\">De su lado el productor Adolfo \u00d3scar Pichak valor\u00f3 la entrega de las semillas para pastura &#8220;esto significa una ayuda muy importante del gobierno y del Ifai ante la dif\u00edcil situacion de sequia&#8221; al considerar que &#8220;s\u00f3lo no podriamos producir el alimentos para nuestros animales&#8221;<\/div>\n<div dir=\"auto\">En tanto, el Subsecretario de Panificaci\u00f3n y Extensi\u00f3n Rural del Ministerio del Agro Mart\u00edn Ibarguren ratific\u00f3 el compromiso del Gobierno con los productores a trav\u00e9s del trabajo que desarrollan las \u00e1reas productivas en este contexto dif\u00edcil, &#8220;pero estamos convencidos de que de esta situaci\u00f3n dif\u00edcil salimos con producci\u00f3n y trabajo&#8221; asegur\u00f3<\/div>\n<div dir=\"auto\">Por su parte el titular del Ifai al hablar ante los productores los alent\u00f3 a seguir produciendo, destacando la predisposici\u00f3n de los colonos que siguieron trabajando en medio de la pandemia. Agreg\u00f3 que &#8220;estamos recorriendo los 77 municipios, con hechos concretos escuchando y apoyando al que produce&#8221; Con ese compromiso el Cr. Rodr\u00edguez record\u00f3 el mensaje del Gobernador Oscar Herrera Ahuad de &#8220;estar al lado de la gente, al lado del productor&#8221;.<\/div>\n","protected":false},"excerpt":{"rendered":"<p>Se trata de semillas de pastura, semillas de ma\u00edz y alambres galvanizado solicitado por los<\/p>\n","protected":false},"author":2,"featured_media":2908,"comment_status":"open","ping_status":"open","sticky":false,"template":"","format":"standard","meta":{"footnotes":""},"categories":[24],"tags":[],"_links":{"self":[{"href":"https:\/\/innovacionygestion.net\/index.php\/wp-json\/wp\/v2\/posts\/2907"}],"collection":[{"href":"https:\/\/innovacionygestion.net\/index.php\/wp-json\/wp\/v2\/posts"}],"about":[{"href":"https:\/\/innovacionygestion.net\/index.php\/wp-json\/wp\/v2\/types\/post"}],"author":[{"embeddable":true,"href":"https:\/\/innovacionygestion.net\/index.php\/wp-json\/wp\/v2\/users\/2"}],"replies":[{"embeddable":true,"href":"https:\/\/innovacionygestion.net\/index.php\/wp-json\/wp\/v2\/comments?post=2907"}],"version-history":[{"count":1,"href":"https:\/\/innovacionygestion.net\/index.php\/wp-json\/wp\/v2\/posts\/2907\/revisions"}],"predecessor-version":[{"id":2909,"href":"https:\/\/innovacionygestion.net\/index.php\/wp-json\/wp\/v2\/posts\/2907\/revisions\/2909"}],"wp:featuredmedia":[{"embeddable":true,"href":"https:\/\/innovacionygestion.net\/index.php\/wp-json\/wp\/v2\/media\/2908"}],"wp:attachment":[{"href":"https:\/\/innovacionygestion.net\/index.php\/wp-json\/wp\/v2\/media?parent=2907"}],"wp:term":[{"taxonomy":"category","embeddable":true,"href":"https:\/\/innovacionygestion.net\/index.php\/wp-json\/wp\/v2\/categories?post=2907"},{"taxonomy":"post_tag","embeddable":true,"href":"https:\/\/innovacionygestion.net\/index.php\/wp-json\/wp\/v2\/tags?post=2907"}],"curies":[{"name":"wp","href":"https:\/\/api.w.org\/{rel}","templated":true}]}}