{"id":2945,"date":"2020-11-25T11:53:41","date_gmt":"2020-11-25T14:53:41","guid":{"rendered":"https:\/\/innovacionygestion.net\/?p=2945"},"modified":"2020-11-25T11:53:41","modified_gmt":"2020-11-25T14:53:41","slug":"el-centro-de-atencion-psicosocial-del-ips-trabaja-todo-el-ano-para-la-eliminacion-de-la-violencia-contra-la-mujer","status":"publish","type":"post","link":"https:\/\/innovacionygestion.net\/index.php\/2020\/11\/25\/el-centro-de-atencion-psicosocial-del-ips-trabaja-todo-el-ano-para-la-eliminacion-de-la-violencia-contra-la-mujer\/","title":{"rendered":"El Centro de Atenci\u00f3n Psicosocial del IPS trabaja todo el a\u00f1o para la eliminaci\u00f3n de la violencia contra la mujer"},"content":{"rendered":"<p>Este 25 de Noviembre, como cada a\u00f1o, en el \u201cD\u00eda Internacional de la Eliminaci\u00f3n de la Violencia contra la Mujer\u201d, el Centro de Atenci\u00f3n Psicosocial del IPS contin\u00faa trabajando en los abordajes y dispositivos de atenci\u00f3n como lo hace todo el a\u00f1o. Por tal motivo instal\u00f3 una carpa en la Plaza 9 de Julio a fin de concientizar sobre la tem\u00e1tica.<br \/>\nEn la oportunidad, el Presidente del Instituto de Previsi\u00f3n Social de Misiones, Dr. Lisandro Benmaor, resalt\u00f3 que \u201ctenemos un gran compromiso y trabajamos d\u00eda a d\u00eda para erradicar esta problem\u00e1tica que es otra pandemia por la cual estamos ocup\u00e1ndonos de manera interinstitucional\u201d.<br \/>\nPor su parte, la Coordinadora General de Psicosocial, Lic. Gabriela Oviedo Bustos, sostuvo que \u201cla expresi\u00f3n m\u00e1s visible son los femicidios o la violencia f\u00edsica, pero tambi\u00e9n nos alarma la creciente demanda en los otros tipos de violencias como simb\u00f3lica, psicol\u00f3gica, sexual y econ\u00f3mica que provoca un profundo da\u00f1o en las personas, anulando y reduciendo y cosific\u00e1ndolas, lo cual se vuelve necesario la reflexi\u00f3n en este d\u00eda para repensar en nuestros compromisos personales y profesionales\u201d.<\/p>\n","protected":false},"excerpt":{"rendered":"<p>Este 25 de Noviembre, como cada a\u00f1o, en el \u201cD\u00eda Internacional de la Eliminaci\u00f3n de<\/p>\n","protected":false},"author":2,"featured_media":2946,"comment_status":"open","ping_status":"open","sticky":false,"template":"","format":"standard","meta":{"footnotes":""},"categories":[9],"tags":[],"_links":{"self":[{"href":"https:\/\/innovacionygestion.net\/index.php\/wp-json\/wp\/v2\/posts\/2945"}],"collection":[{"href":"https:\/\/innovacionygestion.net\/index.php\/wp-json\/wp\/v2\/posts"}],"about":[{"href":"https:\/\/innovacionygestion.net\/index.php\/wp-json\/wp\/v2\/types\/post"}],"author":[{"embeddable":true,"href":"https:\/\/innovacionygestion.net\/index.php\/wp-json\/wp\/v2\/users\/2"}],"replies":[{"embeddable":true,"href":"https:\/\/innovacionygestion.net\/index.php\/wp-json\/wp\/v2\/comments?post=2945"}],"version-history":[{"count":1,"href":"https:\/\/innovacionygestion.net\/index.php\/wp-json\/wp\/v2\/posts\/2945\/revisions"}],"predecessor-version":[{"id":2947,"href":"https:\/\/innovacionygestion.net\/index.php\/wp-json\/wp\/v2\/posts\/2945\/revisions\/2947"}],"wp:featuredmedia":[{"embeddable":true,"href":"https:\/\/innovacionygestion.net\/index.php\/wp-json\/wp\/v2\/media\/2946"}],"wp:attachment":[{"href":"https:\/\/innovacionygestion.net\/index.php\/wp-json\/wp\/v2\/media?parent=2945"}],"wp:term":[{"taxonomy":"category","embeddable":true,"href":"https:\/\/innovacionygestion.net\/index.php\/wp-json\/wp\/v2\/categories?post=2945"},{"taxonomy":"post_tag","embeddable":true,"href":"https:\/\/innovacionygestion.net\/index.php\/wp-json\/wp\/v2\/tags?post=2945"}],"curies":[{"name":"wp","href":"https:\/\/api.w.org\/{rel}","templated":true}]}}