{"id":3081,"date":"2020-12-18T06:16:53","date_gmt":"2020-12-18T09:16:53","guid":{"rendered":"https:\/\/innovacionygestion.net\/?p=3081"},"modified":"2020-12-18T06:16:53","modified_gmt":"2020-12-18T09:16:53","slug":"mi-casa-al-dia-vigente-hasta-fin-de-febrero-venidero","status":"publish","type":"post","link":"https:\/\/innovacionygestion.net\/index.php\/2020\/12\/18\/mi-casa-al-dia-vigente-hasta-fin-de-febrero-venidero\/","title":{"rendered":"Mi Casa al D\u00eda vigente hasta fin de febrero venidero"},"content":{"rendered":"<p>El Instituto Provincial de Desarrollo Habitacional, recuerda a todos sus adjudicatarios que est\u00e1 vigente el programa Mi Casa al D\u00eda, a trav\u00e9s del cual pueden abonar las cuotas semestrales o anuales, con el valor UVI fijado al momento de la adhesi\u00f3n al beneficio y la quita del 10 % del monto total acordado a pagar.<\/p>\n<p>Las boletas para adelantar 6 (seis) o 12 (doce) cuotas se pueden solicitar hasta el 28 de febrero 2021. El \u00fanico requisito es estar al d\u00eda con las cuotas.<\/p>\n<p>El Programa trimestral, se puso en marcha desde el 1 del corriente mes y concluye con el cierre de febrero pr\u00f3ximo.<\/p>\n<p>La Gerente de Coordinaci\u00f3n del Iprodha, Soledad Ricatti, indic\u00f3 que una vez adheridos al Programa Mi Casa al D\u00eda, los beneficiarios obtendr\u00e1n el descuento del 10% de lo que abonan y no recibir\u00e1n las boletas durante el primer semestre o a\u00f1o lectivo, seg\u00fan hayan elegido el plan por seis o doce meses.<\/p>\n","protected":false},"excerpt":{"rendered":"<p>El Instituto Provincial de Desarrollo Habitacional, recuerda a todos sus adjudicatarios que est\u00e1 vigente el<\/p>\n","protected":false},"author":2,"featured_media":3082,"comment_status":"open","ping_status":"open","sticky":false,"template":"","format":"standard","meta":{"footnotes":""},"categories":[26],"tags":[],"_links":{"self":[{"href":"https:\/\/innovacionygestion.net\/index.php\/wp-json\/wp\/v2\/posts\/3081"}],"collection":[{"href":"https:\/\/innovacionygestion.net\/index.php\/wp-json\/wp\/v2\/posts"}],"about":[{"href":"https:\/\/innovacionygestion.net\/index.php\/wp-json\/wp\/v2\/types\/post"}],"author":[{"embeddable":true,"href":"https:\/\/innovacionygestion.net\/index.php\/wp-json\/wp\/v2\/users\/2"}],"replies":[{"embeddable":true,"href":"https:\/\/innovacionygestion.net\/index.php\/wp-json\/wp\/v2\/comments?post=3081"}],"version-history":[{"count":1,"href":"https:\/\/innovacionygestion.net\/index.php\/wp-json\/wp\/v2\/posts\/3081\/revisions"}],"predecessor-version":[{"id":3083,"href":"https:\/\/innovacionygestion.net\/index.php\/wp-json\/wp\/v2\/posts\/3081\/revisions\/3083"}],"wp:featuredmedia":[{"embeddable":true,"href":"https:\/\/innovacionygestion.net\/index.php\/wp-json\/wp\/v2\/media\/3082"}],"wp:attachment":[{"href":"https:\/\/innovacionygestion.net\/index.php\/wp-json\/wp\/v2\/media?parent=3081"}],"wp:term":[{"taxonomy":"category","embeddable":true,"href":"https:\/\/innovacionygestion.net\/index.php\/wp-json\/wp\/v2\/categories?post=3081"},{"taxonomy":"post_tag","embeddable":true,"href":"https:\/\/innovacionygestion.net\/index.php\/wp-json\/wp\/v2\/tags?post=3081"}],"curies":[{"name":"wp","href":"https:\/\/api.w.org\/{rel}","templated":true}]}}