{"id":3182,"date":"2021-01-27T07:32:33","date_gmt":"2021-01-27T10:32:33","guid":{"rendered":"https:\/\/innovacionygestion.net\/?p=3182"},"modified":"2021-01-27T07:32:33","modified_gmt":"2021-01-27T10:32:33","slug":"productor-del-mercado-concentrador-zonal-de-posadas-incrementara-la-superficie-sembrada","status":"publish","type":"post","link":"https:\/\/innovacionygestion.net\/index.php\/2021\/01\/27\/productor-del-mercado-concentrador-zonal-de-posadas-incrementara-la-superficie-sembrada\/","title":{"rendered":"Productor del Mercado Concentrador Zonal de Posadas incrementar\u00e1 la superficie sembrada"},"content":{"rendered":"<div dir=\"auto\">El productor Atilio Hahn del Valle anunci\u00f3 que va a incrementar la superficie de las \u00e1reas destinadas al cultivo, en la \u00faltima reuni\u00f3n de trabajo mantenida con el presidente del IFAI, contador Marcelo Rodr\u00edguez, en la Chacra de Santa In\u00e9s donde produce.<\/div>\n<div dir=\"auto\">En la planificaci\u00f3n de reuniones de trabajo en territorio con los productores del Mercado Concentrador Zonal, Rodriguez se reuni\u00f3 con el productor Atilio Hahn, quien le manifest\u00f3 su intenci\u00f3n de incrementar la superficie de \u00e1reas cultivadas de producci\u00f3n hort\u00edcola.<\/div>\n<div dir=\"auto\">El presidente del Instituto de Fomento Agropecuario e Industrial mantiene permanente contacto con los productores, para incentivar la producci\u00f3n de alimentos, que luego se comercializan en los Mercados Concentradores Zonales, permitiendo abastecer a la mesa familiar con producci\u00f3n misionera, en la b\u00fasqueda de alcanzar la soberan\u00eda alimentaria.<\/div>\n<div dir=\"auto\">Hahn tiene en producci\u00f3n lechuga, repollo, perejil, cebollita de verdeo, pepino, morr\u00f3n, zapallito, r\u00facula, acelga y mandioca y su chacra est\u00e1 ubicada en Santa In\u00e9s, Garup\u00e1. Diariamente lleva al Mercado Concentrador Zonal de Posadas productos de sus plantaciones para la comercializaci\u00f3n.<\/div>\n<div dir=\"auto\"><\/div>\n","protected":false},"excerpt":{"rendered":"<p>El productor Atilio Hahn del Valle anunci\u00f3 que va a incrementar la superficie de las<\/p>\n","protected":false},"author":2,"featured_media":3183,"comment_status":"open","ping_status":"open","sticky":false,"template":"","format":"standard","meta":{"footnotes":""},"categories":[14],"tags":[],"_links":{"self":[{"href":"https:\/\/innovacionygestion.net\/index.php\/wp-json\/wp\/v2\/posts\/3182"}],"collection":[{"href":"https:\/\/innovacionygestion.net\/index.php\/wp-json\/wp\/v2\/posts"}],"about":[{"href":"https:\/\/innovacionygestion.net\/index.php\/wp-json\/wp\/v2\/types\/post"}],"author":[{"embeddable":true,"href":"https:\/\/innovacionygestion.net\/index.php\/wp-json\/wp\/v2\/users\/2"}],"replies":[{"embeddable":true,"href":"https:\/\/innovacionygestion.net\/index.php\/wp-json\/wp\/v2\/comments?post=3182"}],"version-history":[{"count":1,"href":"https:\/\/innovacionygestion.net\/index.php\/wp-json\/wp\/v2\/posts\/3182\/revisions"}],"predecessor-version":[{"id":3184,"href":"https:\/\/innovacionygestion.net\/index.php\/wp-json\/wp\/v2\/posts\/3182\/revisions\/3184"}],"wp:featuredmedia":[{"embeddable":true,"href":"https:\/\/innovacionygestion.net\/index.php\/wp-json\/wp\/v2\/media\/3183"}],"wp:attachment":[{"href":"https:\/\/innovacionygestion.net\/index.php\/wp-json\/wp\/v2\/media?parent=3182"}],"wp:term":[{"taxonomy":"category","embeddable":true,"href":"https:\/\/innovacionygestion.net\/index.php\/wp-json\/wp\/v2\/categories?post=3182"},{"taxonomy":"post_tag","embeddable":true,"href":"https:\/\/innovacionygestion.net\/index.php\/wp-json\/wp\/v2\/tags?post=3182"}],"curies":[{"name":"wp","href":"https:\/\/api.w.org\/{rel}","templated":true}]}}