{"id":3197,"date":"2021-01-28T22:08:52","date_gmt":"2021-01-29T01:08:52","guid":{"rendered":"https:\/\/innovacionygestion.net\/?p=3197"},"modified":"2021-01-28T22:08:52","modified_gmt":"2021-01-29T01:08:52","slug":"la-direccion-provincial-de-vialidad-dpv-lleva-adelante-tareas-para-brindar-condiciones-optimas-de-circulacion-en-la-ruta-provincial-n-103-entre-las-localidades-de-san-martin-de-tours-y-o","status":"publish","type":"post","link":"https:\/\/innovacionygestion.net\/index.php\/2021\/01\/28\/la-direccion-provincial-de-vialidad-dpv-lleva-adelante-tareas-para-brindar-condiciones-optimas-de-circulacion-en-la-ruta-provincial-n-103-entre-las-localidades-de-san-martin-de-tours-y-o\/","title":{"rendered":"La Direcci\u00f3n Provincial de Vialidad (DPV) lleva adelante tareas para brindar condiciones \u00f3ptimas de circulaci\u00f3n en la Ruta Provincial N\u00b0 103 entre\u00a0 las localidades de San Mart\u00edn de Tours y Ober\u00e1"},"content":{"rendered":"<p class=\"x_MsoNormal\"><span lang=\"ES-AR\">El tramo en el que se trabaja tiene una extensi\u00f3n de 15 kil\u00f3metros en total.<\/span><\/p>\n<p class=\"x_MsoNormal\"><span lang=\"ES-AR\">En el trayecto intervenido se llevan adelante tareas de bacheo superficial y profundo, seg\u00fan las necesidades de reparaci\u00f3n en cada caso para dotar de mejores condiciones de circulaci\u00f3n a la ruta, una de las m\u00e1s transitadas de la red pavimentada provincial.<\/span><\/p>\n<p class=\"x_MsoNormal\"><span lang=\"ES-AR\">Al mismo tiempo, se est\u00e1 trabajando en la construcci\u00f3n de d\u00e1rsenas para uso del servicios de transporte p\u00fablico de pasajeros como as\u00ed tambi\u00e9n se lleva adelante la instalaci\u00f3n de refugios para pasajeros de dichas unidades, lo cual se hace mediante el programa Paradas Seguras encarado por la DPV.<\/span><\/p>\n<p class=\"x_MsoNormal\"><span lang=\"ES-AR\">Durante 2020 ya se hab\u00eda intervenido con trabajos de bacheo al tramo de la Ruta Provincial N\u00b0 103 entre el cruce con la Ruta Nacional N\u00b0 12 y la localidad de San Mart\u00edn de Tours. Asimismo se llev\u00f3 a cabo la instalaci\u00f3n de carteles de se\u00f1alizaci\u00f3n vertical y se trabaj\u00f3 en demarcaci\u00f3n horizontal de las l\u00edneas de la calzada.<\/span><\/p>\n<p class=\"x_MsoNormal\"><span lang=\"ES-AR\">Contar con caminos asfaltados bien mantenidos permite un tr\u00e1nsito m\u00e1s seguro para veh\u00edculos particulares como de transporte de carga y pasajeros.<\/span><\/p>\n","protected":false},"excerpt":{"rendered":"<p>El tramo en el que se trabaja tiene una extensi\u00f3n de 15 kil\u00f3metros en total.<\/p>\n","protected":false},"author":2,"featured_media":3199,"comment_status":"open","ping_status":"open","sticky":false,"template":"","format":"standard","meta":{"footnotes":""},"categories":[21],"tags":[],"_links":{"self":[{"href":"https:\/\/innovacionygestion.net\/index.php\/wp-json\/wp\/v2\/posts\/3197"}],"collection":[{"href":"https:\/\/innovacionygestion.net\/index.php\/wp-json\/wp\/v2\/posts"}],"about":[{"href":"https:\/\/innovacionygestion.net\/index.php\/wp-json\/wp\/v2\/types\/post"}],"author":[{"embeddable":true,"href":"https:\/\/innovacionygestion.net\/index.php\/wp-json\/wp\/v2\/users\/2"}],"replies":[{"embeddable":true,"href":"https:\/\/innovacionygestion.net\/index.php\/wp-json\/wp\/v2\/comments?post=3197"}],"version-history":[{"count":1,"href":"https:\/\/innovacionygestion.net\/index.php\/wp-json\/wp\/v2\/posts\/3197\/revisions"}],"predecessor-version":[{"id":3200,"href":"https:\/\/innovacionygestion.net\/index.php\/wp-json\/wp\/v2\/posts\/3197\/revisions\/3200"}],"wp:featuredmedia":[{"embeddable":true,"href":"https:\/\/innovacionygestion.net\/index.php\/wp-json\/wp\/v2\/media\/3199"}],"wp:attachment":[{"href":"https:\/\/innovacionygestion.net\/index.php\/wp-json\/wp\/v2\/media?parent=3197"}],"wp:term":[{"taxonomy":"category","embeddable":true,"href":"https:\/\/innovacionygestion.net\/index.php\/wp-json\/wp\/v2\/categories?post=3197"},{"taxonomy":"post_tag","embeddable":true,"href":"https:\/\/innovacionygestion.net\/index.php\/wp-json\/wp\/v2\/tags?post=3197"}],"curies":[{"name":"wp","href":"https:\/\/api.w.org\/{rel}","templated":true}]}}