{"id":3210,"date":"2021-01-28T23:04:23","date_gmt":"2021-01-29T02:04:23","guid":{"rendered":"https:\/\/innovacionygestion.net\/?p=3210"},"modified":"2021-01-28T23:04:23","modified_gmt":"2021-01-29T02:04:23","slug":"jornada-de-concientizacion","status":"publish","type":"post","link":"https:\/\/innovacionygestion.net\/index.php\/2021\/01\/28\/jornada-de-concientizacion\/","title":{"rendered":"Jornada de concientizaci\u00f3n"},"content":{"rendered":"<div class=\"kvgmc6g5 cxmmr5t8 oygrvhab hcukyx3x c1et5uql ii04i59q\">\n<div dir=\"auto\">Hoy comunicadores de la Municipalidad de Posadas estuvieron en la Plaza 9 de Julio concientizando a los vecinos sobre el D\u00eda Mundial por la Reducci\u00f3n de las Emisiones de CO2 .<\/div>\n<\/div>\n<div class=\"o9v6fnle cxmmr5t8 oygrvhab hcukyx3x c1et5uql ii04i59q\">\n<div dir=\"auto\">Brindaron informaci\u00f3n sobre: El Sistema de Recolecci\u00f3n Sustentable , el uso de ciclov\u00edas y bicisendas, desechos de pilas, sensibilizaci\u00f3n sobre quemas \u00a0y la importancia del cuidado de nuestros espacios verdes y Reservas Urbanas para seguir cuidando a nuestro planeta y vivir en un mundo m\u00e1s Sustentable.<\/div>\n<\/div>\n<div class=\"o9v6fnle cxmmr5t8 oygrvhab hcukyx3x c1et5uql ii04i59q\">\n<div dir=\"auto\">Juntos hacemos a Posadas una ciudad m\u00e1s verde, m\u00e1s Sustentable y con menos contaminaci\u00f3n.<\/div>\n<\/div>\n","protected":false},"excerpt":{"rendered":"<p>Hoy comunicadores de la Municipalidad de Posadas estuvieron en la Plaza 9 de Julio concientizando<\/p>\n","protected":false},"author":2,"featured_media":3211,"comment_status":"open","ping_status":"open","sticky":false,"template":"","format":"standard","meta":{"footnotes":""},"categories":[2],"tags":[],"_links":{"self":[{"href":"https:\/\/innovacionygestion.net\/index.php\/wp-json\/wp\/v2\/posts\/3210"}],"collection":[{"href":"https:\/\/innovacionygestion.net\/index.php\/wp-json\/wp\/v2\/posts"}],"about":[{"href":"https:\/\/innovacionygestion.net\/index.php\/wp-json\/wp\/v2\/types\/post"}],"author":[{"embeddable":true,"href":"https:\/\/innovacionygestion.net\/index.php\/wp-json\/wp\/v2\/users\/2"}],"replies":[{"embeddable":true,"href":"https:\/\/innovacionygestion.net\/index.php\/wp-json\/wp\/v2\/comments?post=3210"}],"version-history":[{"count":1,"href":"https:\/\/innovacionygestion.net\/index.php\/wp-json\/wp\/v2\/posts\/3210\/revisions"}],"predecessor-version":[{"id":3212,"href":"https:\/\/innovacionygestion.net\/index.php\/wp-json\/wp\/v2\/posts\/3210\/revisions\/3212"}],"wp:featuredmedia":[{"embeddable":true,"href":"https:\/\/innovacionygestion.net\/index.php\/wp-json\/wp\/v2\/media\/3211"}],"wp:attachment":[{"href":"https:\/\/innovacionygestion.net\/index.php\/wp-json\/wp\/v2\/media?parent=3210"}],"wp:term":[{"taxonomy":"category","embeddable":true,"href":"https:\/\/innovacionygestion.net\/index.php\/wp-json\/wp\/v2\/categories?post=3210"},{"taxonomy":"post_tag","embeddable":true,"href":"https:\/\/innovacionygestion.net\/index.php\/wp-json\/wp\/v2\/tags?post=3210"}],"curies":[{"name":"wp","href":"https:\/\/api.w.org\/{rel}","templated":true}]}}