{"id":3235,"date":"2021-02-04T10:52:28","date_gmt":"2021-02-04T13:52:28","guid":{"rendered":"https:\/\/innovacionygestion.net\/?p=3235"},"modified":"2021-02-04T10:52:28","modified_gmt":"2021-02-04T13:52:28","slug":"wanda-indignacion-de-vecinos-por-destrozos-en-espacio-publico-causado-por-la-cooperativa-de-servicios","status":"publish","type":"post","link":"https:\/\/innovacionygestion.net\/index.php\/2021\/02\/04\/wanda-indignacion-de-vecinos-por-destrozos-en-espacio-publico-causado-por-la-cooperativa-de-servicios\/","title":{"rendered":"Wanda: indignaci\u00f3n de vecinos por destrozos en espacio p\u00fablico causado por la Cooperativa de Servicios"},"content":{"rendered":"<p class=\"x_MsoNormal\"><span lang=\"ES-AR\">Vecinos del barrio Lourdes de Colonia Wanda manifestaron su malestar por los destrozos ocasionados por la Cooperativa de Servicios P\u00fablicos Wanda Ltda., que para realizar el corte y extracci\u00f3n de tacuaras ingres\u00f3 con maquinarias a la cancha La Caldera, dejando destrozado el campo de juego.<\/span><\/p>\n<p class=\"x_MsoNormal\"><span lang=\"ES-AR\">Ante las denuncias y quejas recibidas desde el \u00faltimo fin de semana, el intendente wandense Felipe Jele\u00f1 acudi\u00f3 al lugar junto con personal de la Polic\u00eda de la Provincia, donde se constataron los importantes da\u00f1os causado en el terreno y dejando inservible la cancha La Caldera del Barrio Lourdes \u201cJustino Denis\u201d.<\/span><\/p>\n<p class=\"x_MsoNormal\"><span lang=\"ES-AR\">Con las m\u00e1quinas y por el terreno mojado por las constantes lluvias, la acci\u00f3n de la Cooperativa de Servicios llev\u00f3 a la destrucci\u00f3n del campo de juego y los drenajes, irrumpiendo adem\u00e1s en un terreno fiscal que est\u00e1 declarado como espacio verde.<\/span><\/p>\n<p class=\"x_MsoNormal\"><span lang=\"ES-AR\">El reclamo de los vecinos fue tanto a trav\u00e9s de las redes sociales como personalmente en la sede de la Municipalidad local, e incluso de forma directa al intendente Jele\u00f1, familias que no s\u00f3lo vieron como qued\u00f3 inutilizable un espacio al cual daban un uso recreativo y deportivo, sino que se trataba de una de las m\u00e1s lindas canchas de la localidad y mejor mantenidas, claro, hasta el momento que la Cooperativa decidi\u00f3 \u2013sin permiso previo-, abrirse camino por el campo deportivo.<\/span><\/p>\n<p class=\"x_MsoNormal\"><span lang=\"ES-AR\">Al respecto, desde el Municipio se est\u00e1n analizando las posibles medidas a tomar hacia quienes adem\u00e1s de utilizar el espacio verde sin autorizaci\u00f3n y para un uso indebido, y por los destrozos ocasionados, adem\u00e1s de intimar a la Cooperativa para que repare el da\u00f1o causado y deje en las mismas excelentes condiciones en las que se encontraba tanto el espacio de la cancha como su sistema de drenaje.<\/span><\/p>\n","protected":false},"excerpt":{"rendered":"<p>Vecinos del barrio Lourdes de Colonia Wanda manifestaron su malestar por los destrozos ocasionados por<\/p>\n","protected":false},"author":2,"featured_media":3236,"comment_status":"open","ping_status":"open","sticky":false,"template":"","format":"standard","meta":{"footnotes":""},"categories":[9],"tags":[],"_links":{"self":[{"href":"https:\/\/innovacionygestion.net\/index.php\/wp-json\/wp\/v2\/posts\/3235"}],"collection":[{"href":"https:\/\/innovacionygestion.net\/index.php\/wp-json\/wp\/v2\/posts"}],"about":[{"href":"https:\/\/innovacionygestion.net\/index.php\/wp-json\/wp\/v2\/types\/post"}],"author":[{"embeddable":true,"href":"https:\/\/innovacionygestion.net\/index.php\/wp-json\/wp\/v2\/users\/2"}],"replies":[{"embeddable":true,"href":"https:\/\/innovacionygestion.net\/index.php\/wp-json\/wp\/v2\/comments?post=3235"}],"version-history":[{"count":1,"href":"https:\/\/innovacionygestion.net\/index.php\/wp-json\/wp\/v2\/posts\/3235\/revisions"}],"predecessor-version":[{"id":3237,"href":"https:\/\/innovacionygestion.net\/index.php\/wp-json\/wp\/v2\/posts\/3235\/revisions\/3237"}],"wp:featuredmedia":[{"embeddable":true,"href":"https:\/\/innovacionygestion.net\/index.php\/wp-json\/wp\/v2\/media\/3236"}],"wp:attachment":[{"href":"https:\/\/innovacionygestion.net\/index.php\/wp-json\/wp\/v2\/media?parent=3235"}],"wp:term":[{"taxonomy":"category","embeddable":true,"href":"https:\/\/innovacionygestion.net\/index.php\/wp-json\/wp\/v2\/categories?post=3235"},{"taxonomy":"post_tag","embeddable":true,"href":"https:\/\/innovacionygestion.net\/index.php\/wp-json\/wp\/v2\/tags?post=3235"}],"curies":[{"name":"wp","href":"https:\/\/api.w.org\/{rel}","templated":true}]}}