{"id":3238,"date":"2021-02-04T11:01:10","date_gmt":"2021-02-04T14:01:10","guid":{"rendered":"https:\/\/innovacionygestion.net\/?p=3238"},"modified":"2021-02-04T11:01:10","modified_gmt":"2021-02-04T14:01:10","slug":"corte-en-la-interseccion-de-calle-131-y-quaranta-en-posadas-desde-el-mediodia-del-jueves-4-de-febrero","status":"publish","type":"post","link":"https:\/\/innovacionygestion.net\/index.php\/2021\/02\/04\/corte-en-la-interseccion-de-calle-131-y-quaranta-en-posadas-desde-el-mediodia-del-jueves-4-de-febrero\/","title":{"rendered":"CORTE EN LA INTERSECCI\u00d3N DE CALLE 131 Y QUARANTA EN POSADAS DESDE EL MEDIOD\u00cdA DEL JUEVES 4 DE FEBRERO"},"content":{"rendered":"<p class=\"x_MsoNormal\">La Direcci\u00f3n Provincial de Vialidad informa que desde el mediod\u00eda de HOY la Av. 131 (continuaci\u00f3n Av. Jauretche), en su intersecci\u00f3n con la Av. Quaranta, se encontrar\u00e1 cerrada al tr\u00e1nsito de veh\u00edculos por obras de saneamiento entre el 4 y el 7 de febrero, inclusive.\u00a0 Se trata de uno de los 4 frentes de trabajo que tiene la obra de la Traves\u00eda Urbana de Posadas.<\/p>\n<p class=\"x_MsoNormal\">La zona se encuentra debidamente se\u00f1alizada. El tr\u00e1nsito por Av. Quaranta (RN N\u00ba 12) no se ver\u00e1 afectado en ning\u00fan momento.<\/p>\n<p class=\"x_MsoNormal\">Se recomienda a los usuarios habituales de la Av. 131 la utilizaci\u00f3n de alternativas como ser: la Av. 147 (acceso a Itaemb\u00e9 Min\u00ed) o la continuaci\u00f3n Av. Zapiola; ambas asfaltadas.<\/p>\n<p class=\"x_MsoNormal\">Para quienes se dirijan en direcci\u00f3n al centro desde Itaemb\u00e9 Min\u00ed por Av. 131, deber\u00e1n salir por calle 136 y 129. El desv\u00edo se encuentra debidamente se\u00f1alizado.<\/p>\n<p class=\"x_MsoNormal\">Se solicita colaboraci\u00f3n reduciendo la velocidad y respetando las indicaciones del personal de obra.<\/p>\n<p class=\"x_MsoNormal\">La obra de Traves\u00eda Urbana de Posadas es financiada por el Gobierno Nacional, siempre bajo la supervisi\u00f3n de Vialidad Nacional y la administraci\u00f3n de Vialidad de Misiones.<\/p>\n<p><img loading=\"lazy\" decoding=\"async\" class=\"alignnone size-medium wp-image-3240\" src=\"https:\/\/innovacionygestion.net\/wp-content\/uploads\/2021\/02\/MAPA-ZONA-DE-CORTE-300x300.jpeg\" alt=\"\" width=\"300\" height=\"300\" srcset=\"https:\/\/innovacionygestion.net\/wp-content\/uploads\/2021\/02\/MAPA-ZONA-DE-CORTE-300x300.jpeg 300w, https:\/\/innovacionygestion.net\/wp-content\/uploads\/2021\/02\/MAPA-ZONA-DE-CORTE-150x150.jpeg 150w, https:\/\/innovacionygestion.net\/wp-content\/uploads\/2021\/02\/MAPA-ZONA-DE-CORTE-768x768.jpeg 768w, https:\/\/innovacionygestion.net\/wp-content\/uploads\/2021\/02\/MAPA-ZONA-DE-CORTE-1024x1024.jpeg 1024w, https:\/\/innovacionygestion.net\/wp-content\/uploads\/2021\/02\/MAPA-ZONA-DE-CORTE-50x50.jpeg 50w, https:\/\/innovacionygestion.net\/wp-content\/uploads\/2021\/02\/MAPA-ZONA-DE-CORTE.jpeg 1280w\" sizes=\"(max-width: 300px) 100vw, 300px\" \/><\/p>\n<div><\/div>\n","protected":false},"excerpt":{"rendered":"<p>La Direcci\u00f3n Provincial de Vialidad informa que desde el mediod\u00eda de HOY la Av. 131<\/p>\n","protected":false},"author":2,"featured_media":3239,"comment_status":"open","ping_status":"open","sticky":false,"template":"","format":"standard","meta":{"footnotes":""},"categories":[21],"tags":[],"_links":{"self":[{"href":"https:\/\/innovacionygestion.net\/index.php\/wp-json\/wp\/v2\/posts\/3238"}],"collection":[{"href":"https:\/\/innovacionygestion.net\/index.php\/wp-json\/wp\/v2\/posts"}],"about":[{"href":"https:\/\/innovacionygestion.net\/index.php\/wp-json\/wp\/v2\/types\/post"}],"author":[{"embeddable":true,"href":"https:\/\/innovacionygestion.net\/index.php\/wp-json\/wp\/v2\/users\/2"}],"replies":[{"embeddable":true,"href":"https:\/\/innovacionygestion.net\/index.php\/wp-json\/wp\/v2\/comments?post=3238"}],"version-history":[{"count":1,"href":"https:\/\/innovacionygestion.net\/index.php\/wp-json\/wp\/v2\/posts\/3238\/revisions"}],"predecessor-version":[{"id":3241,"href":"https:\/\/innovacionygestion.net\/index.php\/wp-json\/wp\/v2\/posts\/3238\/revisions\/3241"}],"wp:featuredmedia":[{"embeddable":true,"href":"https:\/\/innovacionygestion.net\/index.php\/wp-json\/wp\/v2\/media\/3239"}],"wp:attachment":[{"href":"https:\/\/innovacionygestion.net\/index.php\/wp-json\/wp\/v2\/media?parent=3238"}],"wp:term":[{"taxonomy":"category","embeddable":true,"href":"https:\/\/innovacionygestion.net\/index.php\/wp-json\/wp\/v2\/categories?post=3238"},{"taxonomy":"post_tag","embeddable":true,"href":"https:\/\/innovacionygestion.net\/index.php\/wp-json\/wp\/v2\/tags?post=3238"}],"curies":[{"name":"wp","href":"https:\/\/api.w.org\/{rel}","templated":true}]}}