{"id":3308,"date":"2021-02-18T09:21:35","date_gmt":"2021-02-18T12:21:35","guid":{"rendered":"https:\/\/innovacionygestion.net\/?p=3308"},"modified":"2021-02-18T09:21:35","modified_gmt":"2021-02-18T12:21:35","slug":"corte-nodo-vial-ex-garita-garupa-vialidad-nacional-actua-conforme-la-ley-de-transito-24-449","status":"publish","type":"post","link":"https:\/\/innovacionygestion.net\/index.php\/2021\/02\/18\/corte-nodo-vial-ex-garita-garupa-vialidad-nacional-actua-conforme-la-ley-de-transito-24-449\/","title":{"rendered":"Corte Nodo vial (Ex Garita Garup\u00e1): Vialidad Nacional act\u00faa conforme la Ley de Tr\u00e1nsito 24.449"},"content":{"rendered":"<p class=\"x_gmail-MsoBodyText\"><span lang=\"es-419\">La Direcci\u00f3n Nacional de Vialidad informa que se encuentra interrumpido el paso vehicular sobre el Nodo Vial (Ex Garita Garup\u00e1) debido a la presencia de manifestantes.<\/span><\/p>\n<p class=\"x_gmail-MsoBodyText\"><span lang=\"es-419\">En relaci\u00f3n a este hecho se informa a la ciudadan\u00eda que Vialidad Nacional actu\u00f3 oportunamente conforme lo indica la Ley de Tr\u00e1nsito N\u00b024.449 en su Art. 23: \u201cCuando la seguridad y\/o fluidez de la circulaci\u00f3n est\u00e9n comprometidas por situaciones u obst\u00e1culos anormales, los organismos con facultades sobre la v\u00eda deben actuar de inmediato seg\u00fan su funci\u00f3n, advirtiendo del riesgo a los usuarios y coordinando su accionar a efectos de dar soluci\u00f3n de continuidad al tr\u00e1nsito.\u201d.<\/span><\/p>\n<p class=\"x_gmail-MsoBodyText\"><span lang=\"es-419\">En funci\u00f3n de ello y con el fin de llegar a un acuerdo conciliador se cit\u00f3 en el mes de Noviembre de 2020 a las personas que realizaban tareas comerciales en el lugar. En la reuni\u00f3n se les inform\u00f3 sobre el riesgo que significa la presencia de cualquier obst\u00e1culo en la zona de camino de la ruta, tanto para su integridad f\u00edsica, como tambi\u00e9n para los usuarios de la Ruta Nacional.<\/span><\/p>\n<p class=\"x_gmail-MsoBodyText\"><span lang=\"es-419\">Adem\u00e1s, se realiz\u00f3 la correspondiente intimaci\u00f3n para que abandonen la zona de camino, brindando como plazo final Diciembre del mismo a\u00f1o; plazo que fue prorrogado luego hasta finales de Enero del 2021. Cumplido este per\u00edodo se procedi\u00f3 a retirar cualquier tipo de obst\u00e1culos de la zona.\u00a0\u00a0<\/span><\/p>\n<p class=\"x_gmail-MsoBodyText\"><span lang=\"es-419\">Vialidad Nacional debe cumplir con su funci\u00f3n como ente vial nacional y velar por la seguridad de quienes transitan por las rutas nacionales del pa\u00eds.<\/span><\/p>\n","protected":false},"excerpt":{"rendered":"<p>La Direcci\u00f3n Nacional de Vialidad informa que se encuentra interrumpido el paso vehicular sobre el<\/p>\n","protected":false},"author":2,"featured_media":3309,"comment_status":"open","ping_status":"open","sticky":false,"template":"","format":"standard","meta":{"footnotes":""},"categories":[21],"tags":[],"_links":{"self":[{"href":"https:\/\/innovacionygestion.net\/index.php\/wp-json\/wp\/v2\/posts\/3308"}],"collection":[{"href":"https:\/\/innovacionygestion.net\/index.php\/wp-json\/wp\/v2\/posts"}],"about":[{"href":"https:\/\/innovacionygestion.net\/index.php\/wp-json\/wp\/v2\/types\/post"}],"author":[{"embeddable":true,"href":"https:\/\/innovacionygestion.net\/index.php\/wp-json\/wp\/v2\/users\/2"}],"replies":[{"embeddable":true,"href":"https:\/\/innovacionygestion.net\/index.php\/wp-json\/wp\/v2\/comments?post=3308"}],"version-history":[{"count":1,"href":"https:\/\/innovacionygestion.net\/index.php\/wp-json\/wp\/v2\/posts\/3308\/revisions"}],"predecessor-version":[{"id":3310,"href":"https:\/\/innovacionygestion.net\/index.php\/wp-json\/wp\/v2\/posts\/3308\/revisions\/3310"}],"wp:featuredmedia":[{"embeddable":true,"href":"https:\/\/innovacionygestion.net\/index.php\/wp-json\/wp\/v2\/media\/3309"}],"wp:attachment":[{"href":"https:\/\/innovacionygestion.net\/index.php\/wp-json\/wp\/v2\/media?parent=3308"}],"wp:term":[{"taxonomy":"category","embeddable":true,"href":"https:\/\/innovacionygestion.net\/index.php\/wp-json\/wp\/v2\/categories?post=3308"},{"taxonomy":"post_tag","embeddable":true,"href":"https:\/\/innovacionygestion.net\/index.php\/wp-json\/wp\/v2\/tags?post=3308"}],"curies":[{"name":"wp","href":"https:\/\/api.w.org\/{rel}","templated":true}]}}