{"id":3352,"date":"2021-02-25T08:35:36","date_gmt":"2021-02-25T11:35:36","guid":{"rendered":"https:\/\/innovacionygestion.net\/?p=3352"},"modified":"2021-02-25T08:35:36","modified_gmt":"2021-02-25T11:35:36","slug":"vialidad-de-misiones-licito-asfaltado-de-casi-200-cuadras-en-distintos-municipios","status":"publish","type":"post","link":"https:\/\/innovacionygestion.net\/index.php\/2021\/02\/25\/vialidad-de-misiones-licito-asfaltado-de-casi-200-cuadras-en-distintos-municipios\/","title":{"rendered":"Vialidad de Misiones licit\u00f3 asfaltado de casi 200 cuadras en distintos municipios"},"content":{"rendered":"<p class=\"x_MsoNormal\"><span lang=\"ES-AR\">Este mi\u00e9rcoles, en Casa Central de la Direcci\u00f3n Provincial de Vialidad (DPV), se realiz\u00f3 la apertura de sobres con propuestas de las empresas que se presentaron a la Licitaci\u00f3n P\u00fablica N\u00b0 002\/21 y a la Licitaci\u00f3n P\u00fablica N\u00b0 003\/21, destinadas a la ejecuci\u00f3n de obras de Pavimento sobre Empedrado en varias localidades de las zonas Sur y Centro de Misiones.<\/span><\/p>\n<p class=\"x_MsoNormal\"><span lang=\"ES-AR\">Seg\u00fan el pliego de condiciones de la convocatoria, se desarrollar\u00e1n trabajos de pavimento en calles empedradas por una superficie total de 153.000 metros cuadrados, pr\u00e1cticamente el equivalente a unas 200 cuadras.<\/span><\/p>\n<p class=\"x_MsoNormal\"><span lang=\"ES-AR\">Los trabajos se ejecutar\u00e1n en municipios comprendidos en los Departamentos Ap\u00f3stoles, Leandro N. Alem, Concepci\u00f3n, Candelaria y San Javier en el caso de la Zona Sur de Misiones, enmarcada en la Licitaci\u00f3n N\u00b0 002\/21. En tanto en el compendio de obras de la Licitaci\u00f3n N\u00b0 003\/21, para la Zona Centro, se trabajar\u00e1 en municipios de los Departamentos San Ignacio, Ober\u00e1 y Libertador Gral. San Mart\u00edn.<\/span><\/p>\n<p class=\"x_MsoNormal\"><span lang=\"ES-AR\">En total en ambas convocatorias se presentaron 4 empresas distintas como oferentes, dos en cada una de las licitaciones.<\/span><\/p>\n<p class=\"x_MsoNormal\"><span lang=\"ES-AR\">El acto cont\u00f3 con la presencia del presidente el organismo, Ingeniero Sebasti\u00e1n Macias; el Ingeniero Jefe de la DPV, Fernando Pires; la Jefa del Departamento Jur\u00eddico, Dra. Laura Chiarotto y el Director de Administraci\u00f3n CPN An\u00edbal Barrios, adem\u00e1s de representantes legales de las empresas oferentes.<\/span><\/p>\n<p class=\"x_MsoNormal\"><span lang=\"ES-AR\">Con este tipo de inversiones, el Estado Provincial, a trav\u00e9s de Vialidad de Misiones, responde a demandas propias del crecimiento y las necesidades de mayor infraestructura en zonas urbanas de distintos municipios para mayor seguridad vial y comodidad de de los vecinos.<\/span><\/p>\n","protected":false},"excerpt":{"rendered":"<p>Este mi\u00e9rcoles, en Casa Central de la Direcci\u00f3n Provincial de Vialidad (DPV), se realiz\u00f3 la<\/p>\n","protected":false},"author":2,"featured_media":3353,"comment_status":"open","ping_status":"open","sticky":false,"template":"","format":"standard","meta":{"footnotes":""},"categories":[21],"tags":[],"_links":{"self":[{"href":"https:\/\/innovacionygestion.net\/index.php\/wp-json\/wp\/v2\/posts\/3352"}],"collection":[{"href":"https:\/\/innovacionygestion.net\/index.php\/wp-json\/wp\/v2\/posts"}],"about":[{"href":"https:\/\/innovacionygestion.net\/index.php\/wp-json\/wp\/v2\/types\/post"}],"author":[{"embeddable":true,"href":"https:\/\/innovacionygestion.net\/index.php\/wp-json\/wp\/v2\/users\/2"}],"replies":[{"embeddable":true,"href":"https:\/\/innovacionygestion.net\/index.php\/wp-json\/wp\/v2\/comments?post=3352"}],"version-history":[{"count":1,"href":"https:\/\/innovacionygestion.net\/index.php\/wp-json\/wp\/v2\/posts\/3352\/revisions"}],"predecessor-version":[{"id":3354,"href":"https:\/\/innovacionygestion.net\/index.php\/wp-json\/wp\/v2\/posts\/3352\/revisions\/3354"}],"wp:featuredmedia":[{"embeddable":true,"href":"https:\/\/innovacionygestion.net\/index.php\/wp-json\/wp\/v2\/media\/3353"}],"wp:attachment":[{"href":"https:\/\/innovacionygestion.net\/index.php\/wp-json\/wp\/v2\/media?parent=3352"}],"wp:term":[{"taxonomy":"category","embeddable":true,"href":"https:\/\/innovacionygestion.net\/index.php\/wp-json\/wp\/v2\/categories?post=3352"},{"taxonomy":"post_tag","embeddable":true,"href":"https:\/\/innovacionygestion.net\/index.php\/wp-json\/wp\/v2\/tags?post=3352"}],"curies":[{"name":"wp","href":"https:\/\/api.w.org\/{rel}","templated":true}]}}